{"id":4002,"date":"2020-12-12T08:46:25","date_gmt":"2020-12-12T11:46:25","guid":{"rendered":"https:\/\/emiliacorrea.com.br\/?p=4002"},"modified":"2020-12-12T08:46:25","modified_gmt":"2020-12-12T11:46:25","slug":"diplomacao-emilia-defende-que-seja-virtual","status":"publish","type":"post","link":"https:\/\/antigo.emiliacorrea.com.br\/?p=4002","title":{"rendered":"Diploma\u00e7\u00e3o: Em\u00edlia defende que seja virtual"},"content":{"rendered":"<p>&nbsp;<\/p>\n<p>Ainda com uma nova data indefinida, a vereadora Em\u00edlia Corr\u00eaa (Patriota), durante Sess\u00e3o Extraordin\u00e1ria (online) da C\u00e2mara Municipal de Aracaju (CMA) parabenizou a iniciativa do Tribunal Regional Eleitoral de Sergipe (TRE\/SE) e refor\u00e7ou a import\u00e2ncia dessa atitude, ao decidir realizar a diploma\u00e7\u00e3o dos vereadores eleitos para legislatura 2021\/2024 virtualmente.<\/p>\n<p>A cerim\u00f4nia estava prevista, inicialmente, para pr\u00f3ximo dia 17, no Teatro Tobias Barreto, (fechado para o p\u00fablico), mas em virtude do avan\u00e7o da pandemia algumas precau\u00e7\u00f5es est\u00e3o sendo tomadas.<\/p>\n<p>\u201cA conscientiza\u00e7\u00e3o deve vir de todas as partes. Ainda estamos enfrentando esse v\u00edrus invis\u00edvel e trai\u00e7oeiro. Por isso, foi correta tal medida\u201d, pontuou.<\/p>\n<p>Em\u00edlia ressaltou que entrou em contato com o \u00f3rg\u00e3o h\u00e1 15 dias para saber sobre o formato de como seriam os procedimentos para diploma\u00e7\u00e3o, j\u00e1 que sabe da import\u00e2ncia do evento.<\/p>\n<p>\u201cA diploma\u00e7\u00e3o marca o encerramento do processo eleitoral. \u00c9 o ato pelo qual a Justi\u00e7a Eleitoral atesta que o candidato foi efetivamente eleito pelo povo e, por isso, est\u00e1 apto a tomar posse no cargo. Um momento \u00fanico, mas diante da tipicidade do momento o TRE foi assertivo. Quando entrei em contato com os representantes, estava preocupada, e hoje tive a not\u00edcia que a diploma\u00e7\u00e3o ter\u00e1 nova data e ser\u00e1 virtual. Gostei muito da atitude e serve, tamb\u00e9m, como exemplo para rever outras situa\u00e7\u00f5es que estavam programadas para serem presencialmente at\u00e9 o final do ano\u201d, comemorou.<\/p>\n<p>Da mesma maneira, a vereadora avalia que seja revista as formalidades de posse no 1 de janeiro.<br \/>\n\u201cN\u00e3o podemos cobrar que as pessoas n\u00e3o se aglomerem e fazer ao contr\u00e1rio. Devemos ser o modelo de bons exemplos. A chamada segunda onda da Covid-19 n\u00e3o pode ser desprezada. Sem falar que o mais sensato no momento \u00e9 fazer eventos virtuais como j\u00e1 ocorreu em todo pa\u00eds. A do Minist\u00e9rio P\u00fablico Estadual (MPE\/SE), por exemplo, ocorreu virtual. Aracaju estar\u00e1 dando um lindo exemplo, pois os n\u00fameros de pessoas acometidas pela COVID-19 t\u00eam crescido de maneira assustadora, destacou.<\/p>\n<p>Por fim, a parlamentar tamb\u00e9m se reportou, em entrevista, quanto \u00e0 C\u00e2mara Municipal de Aracaju, por ainda estar, mesmo de maneira remota, realizando apenas uma sess\u00e3o por semana. \u201cEm certo momento at\u00e9 cogitei o retorno das sess\u00f5es serem necess\u00e1rias, em algumas situa\u00e7\u00f5es, logicamente quando se demonstrava a queda nos n\u00fameros de casos da Covid-19. Mas, o que me incomoda n\u00e3o s\u00e3o as sess\u00f5es online, e sim, fato de se ter apenas uma sess\u00e3o por semana e de serem extraordin\u00e1rias, o que nos impede de discutir de forma ampla os problemas da capital&#8221;, acrescentou.<\/p>\n<p>&nbsp;<\/p>\n<p>Ascom<br \/>\n\ud83d\udcf8Gilton Rosas<\/p>\n","protected":false},"excerpt":{"rendered":"<p>&nbsp; Ainda com uma nova data indefinida, a vereadora Em\u00edlia Corr\u00eaa (Patriota), durante Sess\u00e3o Extraordin\u00e1ria (online) da C\u00e2mara Municipal de Aracaju (CMA) parabenizou a iniciativa do Tribunal Regional Eleitoral de Sergipe (TRE\/SE) e refor\u00e7ou a import\u00e2ncia dessa atitude, ao decidir realizar a diploma\u00e7\u00e3o dos vereadores eleitos para legislatura 2021\/2024 virtualmente. A cerim\u00f4nia estava prevista, inicialmente, [&hellip;]<\/p>\n","protected":false},"author":3,"featured_media":4003,"comment_status":"open","ping_status":"open","sticky":false,"template":"","format":"standard","meta":{"ngg_post_thumbnail":0,"footnotes":""},"categories":[1],"tags":[],"class_list":["post-4002","post","type-post","status-publish","format-standard","has-post-thumbnail","hentry","category-noticias"],"featured_image_src":{"landsacpe":["https:\/\/antigo.emiliacorrea.com.br\/wp-content\/uploads\/2020\/12\/79AE753B-2374-48DD-BF64-D62AC477B3B8-1000x445.jpeg",1000,445,true],"list":["https:\/\/antigo.emiliacorrea.com.br\/wp-content\/uploads\/2020\/12\/79AE753B-2374-48DD-BF64-D62AC477B3B8-463x348.jpeg",463,348,true],"medium":["https:\/\/antigo.emiliacorrea.com.br\/wp-content\/uploads\/2020\/12\/79AE753B-2374-48DD-BF64-D62AC477B3B8-300x200.jpeg",300,200,true],"full":["https:\/\/antigo.emiliacorrea.com.br\/wp-content\/uploads\/2020\/12\/79AE753B-2374-48DD-BF64-D62AC477B3B8.jpeg",1000,667,false]},"_links":{"self":[{"href":"https:\/\/antigo.emiliacorrea.com.br\/index.php?rest_route=\/wp\/v2\/posts\/4002"}],"collection":[{"href":"https:\/\/antigo.emiliacorrea.com.br\/index.php?rest_route=\/wp\/v2\/posts"}],"about":[{"href":"https:\/\/antigo.emiliacorrea.com.br\/index.php?rest_route=\/wp\/v2\/types\/post"}],"author":[{"embeddable":true,"href":"https:\/\/antigo.emiliacorrea.com.br\/index.php?rest_route=\/wp\/v2\/users\/3"}],"replies":[{"embeddable":true,"href":"https:\/\/antigo.emiliacorrea.com.br\/index.php?rest_route=%2Fwp%2Fv2%2Fcomments&post=4002"}],"version-history":[{"count":1,"href":"https:\/\/antigo.emiliacorrea.com.br\/index.php?rest_route=\/wp\/v2\/posts\/4002\/revisions"}],"predecessor-version":[{"id":4004,"href":"https:\/\/antigo.emiliacorrea.com.br\/index.php?rest_route=\/wp\/v2\/posts\/4002\/revisions\/4004"}],"wp:featuredmedia":[{"embeddable":true,"href":"https:\/\/antigo.emiliacorrea.com.br\/index.php?rest_route=\/wp\/v2\/media\/4003"}],"wp:attachment":[{"href":"https:\/\/antigo.emiliacorrea.com.br\/index.php?rest_route=%2Fwp%2Fv2%2Fmedia&parent=4002"}],"wp:term":[{"taxonomy":"category","embeddable":true,"href":"https:\/\/antigo.emiliacorrea.com.br\/index.php?rest_route=%2Fwp%2Fv2%2Fcategories&post=4002"},{"taxonomy":"post_tag","embeddable":true,"href":"https:\/\/antigo.emiliacorrea.com.br\/index.php?rest_route=%2Fwp%2Fv2%2Ftags&post=4002"}],"curies":[{"name":"wp","href":"https:\/\/api.w.org\/{rel}","templated":true}]}}