{"id":4338,"date":"2021-02-01T15:53:40","date_gmt":"2021-02-01T18:53:40","guid":{"rendered":"https:\/\/emiliacorrea.com.br\/?p=4338"},"modified":"2021-02-01T15:58:51","modified_gmt":"2021-02-01T18:58:51","slug":"%f0%9f%93%ba-quadro-seu-direito-balanco-geral-4","status":"publish","type":"post","link":"https:\/\/antigo.emiliacorrea.com.br\/?p=4338","title":{"rendered":"\ud83d\udcfa Quadro \u201cSeu Direito\u201d Balan\u00e7o Geral"},"content":{"rendered":"<p><iframe loading=\"lazy\" title=\"\ud83d\udcfa Quadro \u201cSeu Direito\u201d - Balan\u00e7o Geral\" width=\"1140\" height=\"641\" src=\"https:\/\/www.youtube.com\/embed\/2w5qwaAEfko?feature=oembed\" frameborder=\"0\" allow=\"accelerometer; autoplay; clipboard-write; encrypted-media; gyroscope; picture-in-picture\" allowfullscreen><\/iframe><\/p>\n<p>Garantia do produto e Escritura, foram dois dos assuntos esclarecidos no quadro \u201cSeu Direito\u201d, no Programa Balan\u00e7o Geral. Nosso encontro, agora, ser\u00e1 todas as segundas e sextas, \u23f0 \u00e0s12h30, na @tvatalaia .<br \/>\n&#8211;<br \/>\nD\u00favidas \ud83d\udcf2996340876 (Whatsaap).<br \/>\n&#8211;<br \/>\n#PraTodoMundoVer: V\u00eddeo da vereadora Em\u00edlia Corr\u00eaa, ao lado da jornalista Tamires Franci, durante o quadro \u201cSeu Direito\u201d, na @tvatalaia . Em\u00edlia, que est\u00e1 de cabelo preso \u201crabo de cavalo\u201d, segurando o microfone e gesticulando enquanto fala, veste uma blusa preta (manga comprida e gola alta) com alguns detalhes brancos, uma cal\u00e7a preta e um sapato bico fino, rosa.<\/p>\n","protected":false},"excerpt":{"rendered":"<p>Garantia do produto e Escritura, foram dois dos assuntos esclarecidos no quadro \u201cSeu Direito\u201d, no Programa Balan\u00e7o Geral. Nosso encontro, agora, ser\u00e1 todas as segundas e sextas, \u23f0 \u00e0s12h30, na @tvatalaia . &#8211; D\u00favidas \ud83d\udcf2996340876 (Whatsaap). &#8211; #PraTodoMundoVer: V\u00eddeo da vereadora Em\u00edlia Corr\u00eaa, ao lado da jornalista Tamires Franci, durante o quadro \u201cSeu Direito\u201d, na [&hellip;]<\/p>\n","protected":false},"author":3,"featured_media":4339,"comment_status":"open","ping_status":"open","sticky":false,"template":"","format":"standard","meta":{"ngg_post_thumbnail":0,"footnotes":""},"categories":[1],"tags":[],"class_list":["post-4338","post","type-post","status-publish","format-standard","has-post-thumbnail","hentry","category-noticias"],"featured_image_src":{"landsacpe":["https:\/\/antigo.emiliacorrea.com.br\/wp-content\/uploads\/2021\/02\/AA534DA5-F3EC-4436-BC3D-60E9518D1438-1140x445.jpeg",1140,445,true],"list":["https:\/\/antigo.emiliacorrea.com.br\/wp-content\/uploads\/2021\/02\/AA534DA5-F3EC-4436-BC3D-60E9518D1438-463x348.jpeg",463,348,true],"medium":["https:\/\/antigo.emiliacorrea.com.br\/wp-content\/uploads\/2021\/02\/AA534DA5-F3EC-4436-BC3D-60E9518D1438-300x163.jpeg",300,163,true],"full":["https:\/\/antigo.emiliacorrea.com.br\/wp-content\/uploads\/2021\/02\/AA534DA5-F3EC-4436-BC3D-60E9518D1438.jpeg",1242,674,false]},"_links":{"self":[{"href":"https:\/\/antigo.emiliacorrea.com.br\/index.php?rest_route=\/wp\/v2\/posts\/4338"}],"collection":[{"href":"https:\/\/antigo.emiliacorrea.com.br\/index.php?rest_route=\/wp\/v2\/posts"}],"about":[{"href":"https:\/\/antigo.emiliacorrea.com.br\/index.php?rest_route=\/wp\/v2\/types\/post"}],"author":[{"embeddable":true,"href":"https:\/\/antigo.emiliacorrea.com.br\/index.php?rest_route=\/wp\/v2\/users\/3"}],"replies":[{"embeddable":true,"href":"https:\/\/antigo.emiliacorrea.com.br\/index.php?rest_route=%2Fwp%2Fv2%2Fcomments&post=4338"}],"version-history":[{"count":2,"href":"https:\/\/antigo.emiliacorrea.com.br\/index.php?rest_route=\/wp\/v2\/posts\/4338\/revisions"}],"predecessor-version":[{"id":4341,"href":"https:\/\/antigo.emiliacorrea.com.br\/index.php?rest_route=\/wp\/v2\/posts\/4338\/revisions\/4341"}],"wp:featuredmedia":[{"embeddable":true,"href":"https:\/\/antigo.emiliacorrea.com.br\/index.php?rest_route=\/wp\/v2\/media\/4339"}],"wp:attachment":[{"href":"https:\/\/antigo.emiliacorrea.com.br\/index.php?rest_route=%2Fwp%2Fv2%2Fmedia&parent=4338"}],"wp:term":[{"taxonomy":"category","embeddable":true,"href":"https:\/\/antigo.emiliacorrea.com.br\/index.php?rest_route=%2Fwp%2Fv2%2Fcategories&post=4338"},{"taxonomy":"post_tag","embeddable":true,"href":"https:\/\/antigo.emiliacorrea.com.br\/index.php?rest_route=%2Fwp%2Fv2%2Ftags&post=4338"}],"curies":[{"name":"wp","href":"https:\/\/api.w.org\/{rel}","templated":true}]}}