{"id":4516,"date":"2021-03-26T17:15:37","date_gmt":"2021-03-26T20:15:37","guid":{"rendered":"https:\/\/emiliacorrea.com.br\/?p=4516"},"modified":"2021-03-26T17:15:37","modified_gmt":"2021-03-26T20:15:37","slug":"emilia-correa-estao-querendo-causar-divisao","status":"publish","type":"post","link":"https:\/\/antigo.emiliacorrea.com.br\/?p=4516","title":{"rendered":"Em\u00edlia Corr\u00eaa: Est\u00e3o querendo causar divis\u00e3o"},"content":{"rendered":"<div dir=\"ltr\">\n<div dir=\"ltr\">\n<div><\/div>\n<div>\n<div><\/div>\n<div>\u201cUma \u00e9 pouco, duas \u00e9 muito, quatro \u00e9 demais\u201d. Algo jamais visto na C\u00e2mara Municipal de Aracaju (CMA), quatro mulheres na mesma legislatura, parece estar incomodando. \u00c9 assim que avalia a l\u00edder da Oposi\u00e7\u00e3o na Casa, vereadora Em\u00edlia Corr\u00eaa (Patriota), ao destacar algumas atitudes.<\/div>\n<div><\/div>\n<div>\u201cO inc\u00f4modo est\u00e1 sendo porque, embora sejamos de partidos opostos, estamos alinhadas em muitas pautas, j\u00e1, em outras, haver\u00e1 diverg\u00eancias. O que \u00e9 simplesmente normal. Faz parte do estado democr\u00e1tico de direito\u201d, argumentou.<\/div>\n<div><\/div>\n<div>De acordo com Em\u00edlia, tudo se deu in\u00edcio, quando um colega de parlamento que presidia a Sess\u00e3o Ordin\u00e1ria, quis distinguir as oposicionistas. \u201cPara deixar bem claro, essa oposi\u00e7\u00e3o que o senhor concedeu a fala, n\u00e3o \u00e9 a oposi\u00e7\u00e3o de direita. A oposi\u00e7\u00e3o que estou l\u00edder, \u00a0\u00e9 \u00a0composta \u00a0pelo Vereador Ricardo Marques e Sheyla Galba (ambos do CIDADANIA) \u00e9 a oposi\u00e7\u00e3o da Casa. As demais colegas Linda Brasil (PSOL) \u00e9 a Professora \u00c2ngela (PT) fazem parte de um bloco da oposi\u00e7\u00e3o de esquerda. O que \u00e9 natural, n\u00e3o atrapalha, pelo contr\u00e1rio, enriquece o legislativo\u201d, afirmou.<\/div>\n<div><\/div>\n<div>Para a vereadora, a forma como foi dita e outras atitudes, s\u00f3 refor\u00e7a a ideia de que est\u00e3o querendo dividir a oposi\u00e7\u00e3o na CMA. \u201cEssa divis\u00e3o desnecess\u00e1ria que est\u00e3o querendo fazer, de maneira orquestrada, na verdade, significa, maturidade pol\u00edtica. Talvez n\u00e3o estejam acostumados. \u00c9 at\u00e9 bom que revejam isso, caso estejam com essa inten\u00e7\u00e3o. Se \u00e9 nos calar que est\u00e3o querendo, sinto informar: N\u00e3o v\u00e3o conseguir. Exigimos respeito. Respeitem a oposi\u00e7\u00e3o\u201d, declarou.<\/div>\n<\/div>\n<div><\/div>\n<div>Ascom<\/div>\n<div>\ud83d\udcf8 C\u00e9sar de Oliveira<\/div>\n<\/div>\n<\/div>\n","protected":false},"excerpt":{"rendered":"<p>\u201cUma \u00e9 pouco, duas \u00e9 muito, quatro \u00e9 demais\u201d. Algo jamais visto na C\u00e2mara Municipal de Aracaju (CMA), quatro mulheres na mesma legislatura, parece estar incomodando. \u00c9 assim que avalia a l\u00edder da Oposi\u00e7\u00e3o na Casa, vereadora Em\u00edlia Corr\u00eaa (Patriota), ao destacar algumas atitudes. \u201cO inc\u00f4modo est\u00e1 sendo porque, embora sejamos de partidos opostos, estamos [&hellip;]<\/p>\n","protected":false},"author":3,"featured_media":4515,"comment_status":"open","ping_status":"open","sticky":false,"template":"","format":"standard","meta":{"ngg_post_thumbnail":0,"footnotes":""},"categories":[1],"tags":[],"class_list":["post-4516","post","type-post","status-publish","format-standard","has-post-thumbnail","hentry","category-noticias"],"featured_image_src":{"landsacpe":["https:\/\/antigo.emiliacorrea.com.br\/wp-content\/uploads\/2021\/03\/F68C53C7-621A-4DAD-8800-0788B875F113-1140x445.jpeg",1140,445,true],"list":["https:\/\/antigo.emiliacorrea.com.br\/wp-content\/uploads\/2021\/03\/F68C53C7-621A-4DAD-8800-0788B875F113-463x348.jpeg",463,348,true],"medium":["https:\/\/antigo.emiliacorrea.com.br\/wp-content\/uploads\/2021\/03\/F68C53C7-621A-4DAD-8800-0788B875F113-300x200.jpeg",300,200,true],"full":["https:\/\/antigo.emiliacorrea.com.br\/wp-content\/uploads\/2021\/03\/F68C53C7-621A-4DAD-8800-0788B875F113.jpeg",1944,1296,false]},"_links":{"self":[{"href":"https:\/\/antigo.emiliacorrea.com.br\/index.php?rest_route=\/wp\/v2\/posts\/4516"}],"collection":[{"href":"https:\/\/antigo.emiliacorrea.com.br\/index.php?rest_route=\/wp\/v2\/posts"}],"about":[{"href":"https:\/\/antigo.emiliacorrea.com.br\/index.php?rest_route=\/wp\/v2\/types\/post"}],"author":[{"embeddable":true,"href":"https:\/\/antigo.emiliacorrea.com.br\/index.php?rest_route=\/wp\/v2\/users\/3"}],"replies":[{"embeddable":true,"href":"https:\/\/antigo.emiliacorrea.com.br\/index.php?rest_route=%2Fwp%2Fv2%2Fcomments&post=4516"}],"version-history":[{"count":1,"href":"https:\/\/antigo.emiliacorrea.com.br\/index.php?rest_route=\/wp\/v2\/posts\/4516\/revisions"}],"predecessor-version":[{"id":4517,"href":"https:\/\/antigo.emiliacorrea.com.br\/index.php?rest_route=\/wp\/v2\/posts\/4516\/revisions\/4517"}],"wp:featuredmedia":[{"embeddable":true,"href":"https:\/\/antigo.emiliacorrea.com.br\/index.php?rest_route=\/wp\/v2\/media\/4515"}],"wp:attachment":[{"href":"https:\/\/antigo.emiliacorrea.com.br\/index.php?rest_route=%2Fwp%2Fv2%2Fmedia&parent=4516"}],"wp:term":[{"taxonomy":"category","embeddable":true,"href":"https:\/\/antigo.emiliacorrea.com.br\/index.php?rest_route=%2Fwp%2Fv2%2Fcategories&post=4516"},{"taxonomy":"post_tag","embeddable":true,"href":"https:\/\/antigo.emiliacorrea.com.br\/index.php?rest_route=%2Fwp%2Fv2%2Ftags&post=4516"}],"curies":[{"name":"wp","href":"https:\/\/api.w.org\/{rel}","templated":true}]}}