{"id":4533,"date":"2021-04-07T14:10:18","date_gmt":"2021-04-07T17:10:18","guid":{"rendered":"https:\/\/emiliacorrea.com.br\/?p=4533"},"modified":"2021-04-07T14:10:18","modified_gmt":"2021-04-07T17:10:18","slug":"emilia-correa-inverter-as-falas-e-de-praxe-na-cma","status":"publish","type":"post","link":"https:\/\/antigo.emiliacorrea.com.br\/?p=4533","title":{"rendered":"Em\u00edlia Corr\u00eaa: Inverter as falas \u00e9 de praxe na CMA"},"content":{"rendered":"<p>&nbsp;<\/p>\n<p>\u201cMe preocupo muito com a distor\u00e7\u00e3o que fazem das falas aqui. Isso gera inseguran\u00e7a nos aracajuanos. \u00c9 horr\u00edvel, mas, infelizmente, \u00e9 praxe nessa Casa\u201d, a cr\u00edtica, da vereadora Em\u00edlia Corr\u00eaa (Patriota) em rela\u00e7\u00e3o \u00e0s atitudes de alguns colegas de parlamento, ocorreu durante discurso em Sess\u00e3o Ordin\u00e1ria &#8211; remota &#8211; da C\u00e2mara Municipal de Aracaju (CMA).<\/p>\n<p>Segundo a vereadora, a oposi\u00e7\u00e3o, por ser minoria, muitas vezes t\u00eam que repetir massivamente determinados assuntos para ser compreendida com clareza e evitar invers\u00f5es. \u201c\u00c9 aquela coisa; quem \u00e9 numeroso, repete mais e, acaba falando a \u201cverdade\u201d porque tem mais gente para repercutir. J\u00e1 n\u00f3s, da oposi\u00e7\u00e3o, sendo minoria, temos que ficar batendo na mesma tecla para evitar certos constrangimentos\u201d, afirmou.<\/p>\n<p>A l\u00edder da oposi\u00e7\u00e3o acrescentou, ainda, que todas as cr\u00edticas feitas pela bancada, n\u00e3o est\u00e3o sendo est\u00e3o sendo feitas aleatoriamente. \u201cN\u00e3o fazemos oposi\u00e7\u00e3o por oposi\u00e7\u00e3o. Estamos trabalhando incansavelmente nas fiscaliza\u00e7\u00f5es mesmo estando com os trabalhos sendo de maneira remota. Sempre buscando melhorias para os aracajuanos (as), de quem somos porta-voz. Todas as cr\u00edticas s\u00e3o acompanhados<br \/>\nde sugest\u00f5es, inclusive, muitas delas aproveitadas pelos colegas\u201d, pontuou.<\/p>\n<p>Cad\u00ea o dinheiro?<\/p>\n<p>Por fim, Em\u00edlia ressaltou que tem recebido muitas cobran\u00e7as da popula\u00e7\u00e3o questionando sobre os milh\u00f5es direcionados para o Executivo, do governo federal, para o combate \u00e0 pandemia. \u201cEngra\u00e7ado que muitos falam como se a situa\u00e7\u00e3o j\u00e1 estivesse sob controle, era o que quer\u00edamos, n\u00e3o tenha d\u00favida, mas n\u00e3o est\u00e1. N\u00e3o \u00e9 bem assim. A gente ouve o povo. Estamos nas ruas. Eles mesmo t\u00eam nos cobrado explica\u00e7\u00f5es sobre o dinheiro destinado ao Hospital de Campanha, atualmente desativado, enquanto os vereadores da situa\u00e7\u00e3o permanecem calados. Sem falar, na investiga\u00e7\u00e3o do Minist\u00e9rio P\u00fablico Federal (MPF), cobrando explica\u00e7\u00f5es aos gestores nesse sentido. Se tem investiga\u00e7\u00e3o, \u00e9 porque est\u00e1 faltando transpar\u00eancia\u201d, concluiu.<\/p>\n<p>Ascom<\/p>\n<p>\ud83d\udcf8 C\u00e9sar de Oliveira<\/p>\n","protected":false},"excerpt":{"rendered":"<p>&nbsp; \u201cMe preocupo muito com a distor\u00e7\u00e3o que fazem das falas aqui. Isso gera inseguran\u00e7a nos aracajuanos. \u00c9 horr\u00edvel, mas, infelizmente, \u00e9 praxe nessa Casa\u201d, a cr\u00edtica, da vereadora Em\u00edlia Corr\u00eaa (Patriota) em rela\u00e7\u00e3o \u00e0s atitudes de alguns colegas de parlamento, ocorreu durante discurso em Sess\u00e3o Ordin\u00e1ria &#8211; remota &#8211; da C\u00e2mara Municipal de Aracaju [&hellip;]<\/p>\n","protected":false},"author":3,"featured_media":4534,"comment_status":"open","ping_status":"open","sticky":false,"template":"","format":"standard","meta":{"ngg_post_thumbnail":0,"footnotes":""},"categories":[1],"tags":[],"class_list":["post-4533","post","type-post","status-publish","format-standard","has-post-thumbnail","hentry","category-noticias"],"featured_image_src":{"landsacpe":["https:\/\/antigo.emiliacorrea.com.br\/wp-content\/uploads\/2021\/04\/EAB556A2-59AD-4D27-807E-9EC587FF5B7B-1140x445.jpeg",1140,445,true],"list":["https:\/\/antigo.emiliacorrea.com.br\/wp-content\/uploads\/2021\/04\/EAB556A2-59AD-4D27-807E-9EC587FF5B7B-463x348.jpeg",463,348,true],"medium":["https:\/\/antigo.emiliacorrea.com.br\/wp-content\/uploads\/2021\/04\/EAB556A2-59AD-4D27-807E-9EC587FF5B7B-300x200.jpeg",300,200,true],"full":["https:\/\/antigo.emiliacorrea.com.br\/wp-content\/uploads\/2021\/04\/EAB556A2-59AD-4D27-807E-9EC587FF5B7B.jpeg",1944,1296,false]},"_links":{"self":[{"href":"https:\/\/antigo.emiliacorrea.com.br\/index.php?rest_route=\/wp\/v2\/posts\/4533"}],"collection":[{"href":"https:\/\/antigo.emiliacorrea.com.br\/index.php?rest_route=\/wp\/v2\/posts"}],"about":[{"href":"https:\/\/antigo.emiliacorrea.com.br\/index.php?rest_route=\/wp\/v2\/types\/post"}],"author":[{"embeddable":true,"href":"https:\/\/antigo.emiliacorrea.com.br\/index.php?rest_route=\/wp\/v2\/users\/3"}],"replies":[{"embeddable":true,"href":"https:\/\/antigo.emiliacorrea.com.br\/index.php?rest_route=%2Fwp%2Fv2%2Fcomments&post=4533"}],"version-history":[{"count":1,"href":"https:\/\/antigo.emiliacorrea.com.br\/index.php?rest_route=\/wp\/v2\/posts\/4533\/revisions"}],"predecessor-version":[{"id":4535,"href":"https:\/\/antigo.emiliacorrea.com.br\/index.php?rest_route=\/wp\/v2\/posts\/4533\/revisions\/4535"}],"wp:featuredmedia":[{"embeddable":true,"href":"https:\/\/antigo.emiliacorrea.com.br\/index.php?rest_route=\/wp\/v2\/media\/4534"}],"wp:attachment":[{"href":"https:\/\/antigo.emiliacorrea.com.br\/index.php?rest_route=%2Fwp%2Fv2%2Fmedia&parent=4533"}],"wp:term":[{"taxonomy":"category","embeddable":true,"href":"https:\/\/antigo.emiliacorrea.com.br\/index.php?rest_route=%2Fwp%2Fv2%2Fcategories&post=4533"},{"taxonomy":"post_tag","embeddable":true,"href":"https:\/\/antigo.emiliacorrea.com.br\/index.php?rest_route=%2Fwp%2Fv2%2Ftags&post=4533"}],"curies":[{"name":"wp","href":"https:\/\/api.w.org\/{rel}","templated":true}]}}