{"id":4633,"date":"2021-05-11T14:16:03","date_gmt":"2021-05-11T17:16:03","guid":{"rendered":"https:\/\/emiliacorrea.com.br\/?p=4633"},"modified":"2021-05-11T14:16:03","modified_gmt":"2021-05-11T17:16:03","slug":"emilia-afirma-que-votou-contra-pl-dos-absorventes-por-ser-inconstitucional","status":"publish","type":"post","link":"https:\/\/antigo.emiliacorrea.com.br\/?p=4633","title":{"rendered":"Em\u00edlia afirma que votou contra PL dos absorventes por ser inconstitucional"},"content":{"rendered":"<p>&nbsp;<\/p>\n<p>\u00danica integrante mulher da Comiss\u00e3o de Justi\u00e7a e Reda\u00e7\u00e3o da C\u00e2mara Municipal de Aracaju (CMA), a vereadora Em\u00edlia Corr\u00eaa (Patriota), rebateu a cr\u00edtica e, esclareceu, o motivo pelo qual o projeto do vereador Anderson de Tuca (PDT), que visava distribuir absorventes para as alunas da rede municipal, durante o per\u00edodo menstrual, foi rejeitado.<\/p>\n<p>\u201cO PL \u00e9 bem intencionado, e, inclusive, necess\u00e1rio, mas \u00e9 absolutamente inconstitucional. Infelizmente, isso n\u00e3o foi dito, em nenhuma mat\u00e9ria veiculada na imprensa, pelo autor.<br \/>\nTodo projeto que gera gastos, somente o Poder Executivo tem autonomia e compet\u00eancia constitucional para faz\u00ea-lo. Eu sei disso e o vereador autor tamb\u00e9m sabe&#8221;&#8230; explicou.<\/p>\n<p>&#8220;O Presidente da CJR, o vereador Anderson de Tuca, provavelmente, tem ci\u00eancia da inconstitucionalidade de, inclusive \u00e9 dito por ele, que constantemente tem estudado bastante os projetos da Comiss\u00e3o, varando as madrugadas, n\u00e3o entendo o porque protocolar um projeto flagrantemente com v\u00edcio de iniciativa. O parlamentar, poderia ter feito uma indica\u00e7\u00e3o na CMA, sugerindo a ideia para prefeitura mas, n\u00e3o, protocolar um PL desse teor\u201d, declarou.<\/p>\n<p>Por fim, Em\u00edlia ressaltou que a Comiss\u00e3o trabalha de maneira t\u00e9cnica e, que, o \u00fanico voto favor\u00e1vel ao PL foi, coincidentemente, do autor. \u201cJamais votaria contr\u00e1ria a um PL desse se ele fosse constitucional. Ali\u00e1s, seguimos o relator, o vereador Ricardo Vasconcelos (Rede) que foi muito preciso e t\u00e9cnico na relatoria. Foram 4 votos contr\u00e1rios e um favor\u00e1vel, somente do autor\u201d, afirmou.<\/p>\n<p>Integram a Comiss\u00e3o, Anderson de Tuca (PDT), Pastor Diego (PP), secret\u00e1rio, Ricardo Vasconcelos (Rede), Palha\u00e7o Soneca (PSD), membro e a vereadora Em\u00edlia Corr\u00eaa (Patriota), membro.<\/p>\n<p>&nbsp;<\/p>\n<p>Ascom<br \/>\n\ud83d\udcf8Gilton Rosas<\/p>\n","protected":false},"excerpt":{"rendered":"<p>&nbsp; \u00danica integrante mulher da Comiss\u00e3o de Justi\u00e7a e Reda\u00e7\u00e3o da C\u00e2mara Municipal de Aracaju (CMA), a vereadora Em\u00edlia Corr\u00eaa (Patriota), rebateu a cr\u00edtica e, esclareceu, o motivo pelo qual o projeto do vereador Anderson de Tuca (PDT), que visava distribuir absorventes para as alunas da rede municipal, durante o per\u00edodo menstrual, foi rejeitado. \u201cO [&hellip;]<\/p>\n","protected":false},"author":3,"featured_media":4634,"comment_status":"open","ping_status":"open","sticky":false,"template":"","format":"standard","meta":{"ngg_post_thumbnail":0,"footnotes":""},"categories":[470],"tags":[],"class_list":["post-4633","post","type-post","status-publish","format-standard","has-post-thumbnail","hentry","category-galerias"],"featured_image_src":{"landsacpe":["https:\/\/antigo.emiliacorrea.com.br\/wp-content\/uploads\/2021\/05\/4343B1EE-A207-4E73-950D-C42B790CC4D3-1106x445.jpeg",1106,445,true],"list":["https:\/\/antigo.emiliacorrea.com.br\/wp-content\/uploads\/2021\/05\/4343B1EE-A207-4E73-950D-C42B790CC4D3-463x348.jpeg",463,348,true],"medium":["https:\/\/antigo.emiliacorrea.com.br\/wp-content\/uploads\/2021\/05\/4343B1EE-A207-4E73-950D-C42B790CC4D3-300x192.jpeg",300,192,true],"full":["https:\/\/antigo.emiliacorrea.com.br\/wp-content\/uploads\/2021\/05\/4343B1EE-A207-4E73-950D-C42B790CC4D3.jpeg",1106,709,false]},"_links":{"self":[{"href":"https:\/\/antigo.emiliacorrea.com.br\/index.php?rest_route=\/wp\/v2\/posts\/4633"}],"collection":[{"href":"https:\/\/antigo.emiliacorrea.com.br\/index.php?rest_route=\/wp\/v2\/posts"}],"about":[{"href":"https:\/\/antigo.emiliacorrea.com.br\/index.php?rest_route=\/wp\/v2\/types\/post"}],"author":[{"embeddable":true,"href":"https:\/\/antigo.emiliacorrea.com.br\/index.php?rest_route=\/wp\/v2\/users\/3"}],"replies":[{"embeddable":true,"href":"https:\/\/antigo.emiliacorrea.com.br\/index.php?rest_route=%2Fwp%2Fv2%2Fcomments&post=4633"}],"version-history":[{"count":1,"href":"https:\/\/antigo.emiliacorrea.com.br\/index.php?rest_route=\/wp\/v2\/posts\/4633\/revisions"}],"predecessor-version":[{"id":4635,"href":"https:\/\/antigo.emiliacorrea.com.br\/index.php?rest_route=\/wp\/v2\/posts\/4633\/revisions\/4635"}],"wp:featuredmedia":[{"embeddable":true,"href":"https:\/\/antigo.emiliacorrea.com.br\/index.php?rest_route=\/wp\/v2\/media\/4634"}],"wp:attachment":[{"href":"https:\/\/antigo.emiliacorrea.com.br\/index.php?rest_route=%2Fwp%2Fv2%2Fmedia&parent=4633"}],"wp:term":[{"taxonomy":"category","embeddable":true,"href":"https:\/\/antigo.emiliacorrea.com.br\/index.php?rest_route=%2Fwp%2Fv2%2Fcategories&post=4633"},{"taxonomy":"post_tag","embeddable":true,"href":"https:\/\/antigo.emiliacorrea.com.br\/index.php?rest_route=%2Fwp%2Fv2%2Ftags&post=4633"}],"curies":[{"name":"wp","href":"https:\/\/api.w.org\/{rel}","templated":true}]}}