{"id":4725,"date":"2021-07-07T22:43:31","date_gmt":"2021-07-08T01:43:31","guid":{"rendered":"https:\/\/emiliacorrea.com.br\/?p=4725"},"modified":"2021-07-07T22:43:31","modified_gmt":"2021-07-08T01:43:31","slug":"repescagem-emilia-critica-desorganizacao-durante-vacinacao","status":"publish","type":"post","link":"https:\/\/antigo.emiliacorrea.com.br\/?p=4725","title":{"rendered":"Repescagem: Em\u00edlia critica desorganiza\u00e7\u00e3o durante vacina\u00e7\u00e3o"},"content":{"rendered":"<p>&nbsp;<\/p>\n<p>Para as pessoas que, por algum motivo, n\u00e3o tiveram como se vacinar contra a Covid-19, de acordo com o calend\u00e1rio oficial de campanha disponibilizado pela Secretaria Municipal de Sa\u00fade (SMS), agora, existe a \u201crepescagem\u201d, mas, a falta de estrutura como foi realizada a do \u00faltimo final de semana, em v\u00e1rios pontos da cidade, n\u00e3o passou despercebida da vereadora Em\u00edlia Corr\u00eaa (Patriota) que criticou a a\u00e7\u00e3o.<\/p>\n<p>\u201cA gente tem que enfrentar os problemas, traz\u00ea-los para esta Casa e, tentar resolv\u00ea-los. Nem tudo s\u00e3o maravilhas como parece ser. Quando \u00e9 bom, a gente elogia, como \u00e9 o caso da iniciativa. Muito boa, por sinal, mas da forma que est\u00e1 sendo feita, desrespeitando a popula\u00e7\u00e3o, n\u00e3o h\u00e1 nada de legal\u201d, declarou a vereadora.<\/p>\n<p>Atrav\u00e9s de v\u00eddeos, recebidos por meio de suas redes sociais, a parlamentar exemplificou algumas situa\u00e7\u00f5es que geraram reclama\u00e7\u00f5es durante a vacina\u00e7\u00e3o. \u201cPessoas expostas ao sol escaldante, filas quilom\u00e9tricas, aglomera\u00e7\u00e3o, mais de 5 horas de espera, informa\u00e7\u00f5es desencontradas, insatisfa\u00e7\u00e3o, tudo isso, poderia ter sido facilmente evitado, se a prefeitura tivesse feito um planejamento\u201d, afirmou.<\/p>\n<p>Em\u00edlia, ressaltou ainda, que esses fatos n\u00e3o condizem com uma \u2018cidade humana\u2019. \u201cIsso \u00e9 ser uma cidade humana e que respeita o povo? A orquestra \u00e9 t\u00e3o bem feita que, logo em seguida, a gente tem conhecimento de algumas inaugura\u00e7\u00f5es s\u00e3o bem-vindas e podem ser feitas em qualquer momento, mas o respeito e a sa\u00fade vem em primeiro lugar\u201d, argumentou.<\/p>\n<p>Ascom<\/p>\n<p>\ud83d\udcf8Gilton Rosas<\/p>\n","protected":false},"excerpt":{"rendered":"<p>&nbsp; Para as pessoas que, por algum motivo, n\u00e3o tiveram como se vacinar contra a Covid-19, de acordo com o calend\u00e1rio oficial de campanha disponibilizado pela Secretaria Municipal de Sa\u00fade (SMS), agora, existe a \u201crepescagem\u201d, mas, a falta de estrutura como foi realizada a do \u00faltimo final de semana, em v\u00e1rios pontos da cidade, n\u00e3o [&hellip;]<\/p>\n","protected":false},"author":3,"featured_media":4726,"comment_status":"open","ping_status":"open","sticky":false,"template":"","format":"standard","meta":{"ngg_post_thumbnail":0,"footnotes":""},"categories":[1],"tags":[],"class_list":["post-4725","post","type-post","status-publish","format-standard","has-post-thumbnail","hentry","category-noticias"],"featured_image_src":{"landsacpe":["https:\/\/antigo.emiliacorrea.com.br\/wp-content\/uploads\/2021\/07\/E1656BE2-9EA2-4521-94B6-731B0F9800DB-1125x445.jpeg",1125,445,true],"list":["https:\/\/antigo.emiliacorrea.com.br\/wp-content\/uploads\/2021\/07\/E1656BE2-9EA2-4521-94B6-731B0F9800DB-463x348.jpeg",463,348,true],"medium":["https:\/\/antigo.emiliacorrea.com.br\/wp-content\/uploads\/2021\/07\/E1656BE2-9EA2-4521-94B6-731B0F9800DB-300x199.jpeg",300,199,true],"full":["https:\/\/antigo.emiliacorrea.com.br\/wp-content\/uploads\/2021\/07\/E1656BE2-9EA2-4521-94B6-731B0F9800DB.jpeg",1125,746,false]},"_links":{"self":[{"href":"https:\/\/antigo.emiliacorrea.com.br\/index.php?rest_route=\/wp\/v2\/posts\/4725"}],"collection":[{"href":"https:\/\/antigo.emiliacorrea.com.br\/index.php?rest_route=\/wp\/v2\/posts"}],"about":[{"href":"https:\/\/antigo.emiliacorrea.com.br\/index.php?rest_route=\/wp\/v2\/types\/post"}],"author":[{"embeddable":true,"href":"https:\/\/antigo.emiliacorrea.com.br\/index.php?rest_route=\/wp\/v2\/users\/3"}],"replies":[{"embeddable":true,"href":"https:\/\/antigo.emiliacorrea.com.br\/index.php?rest_route=%2Fwp%2Fv2%2Fcomments&post=4725"}],"version-history":[{"count":1,"href":"https:\/\/antigo.emiliacorrea.com.br\/index.php?rest_route=\/wp\/v2\/posts\/4725\/revisions"}],"predecessor-version":[{"id":4727,"href":"https:\/\/antigo.emiliacorrea.com.br\/index.php?rest_route=\/wp\/v2\/posts\/4725\/revisions\/4727"}],"wp:featuredmedia":[{"embeddable":true,"href":"https:\/\/antigo.emiliacorrea.com.br\/index.php?rest_route=\/wp\/v2\/media\/4726"}],"wp:attachment":[{"href":"https:\/\/antigo.emiliacorrea.com.br\/index.php?rest_route=%2Fwp%2Fv2%2Fmedia&parent=4725"}],"wp:term":[{"taxonomy":"category","embeddable":true,"href":"https:\/\/antigo.emiliacorrea.com.br\/index.php?rest_route=%2Fwp%2Fv2%2Fcategories&post=4725"},{"taxonomy":"post_tag","embeddable":true,"href":"https:\/\/antigo.emiliacorrea.com.br\/index.php?rest_route=%2Fwp%2Fv2%2Ftags&post=4725"}],"curies":[{"name":"wp","href":"https:\/\/api.w.org\/{rel}","templated":true}]}}