{"id":4797,"date":"2021-08-02T10:14:46","date_gmt":"2021-08-02T13:14:46","guid":{"rendered":"https:\/\/emiliacorrea.com.br\/?p=4797"},"modified":"2021-08-02T10:15:41","modified_gmt":"2021-08-02T13:15:41","slug":"fiscalizacao-bairro-industrial","status":"publish","type":"post","link":"https:\/\/antigo.emiliacorrea.com.br\/?p=4797","title":{"rendered":"\ud83d\udccdFiscaliza\u00e7\u00e3o bairro Industrial"},"content":{"rendered":"<p><iframe loading=\"lazy\" title=\"\ud83d\udccdFiscaliza\u00e7\u00e3o Bairro Industrial\" width=\"1140\" height=\"641\" src=\"https:\/\/www.youtube.com\/embed\/T4H0NlxF4p8?feature=oembed\" frameborder=\"0\" allow=\"accelerometer; autoplay; clipboard-write; encrypted-media; gyroscope; picture-in-picture\" allowfullscreen><\/iframe><\/p>\n<p>Se eu, que estive conversando algumas horas com os moradores da Av. Jo\u00e3o Rodrigues\/Rua Bel\u00e9m, no bairro Industrial, tive dificuldades ao fazer um teste atravessando a avenida, imagine como n\u00e3o \u00e9 complicado, e o que \u00e9 pior, se arriscado diariamente para a popula\u00e7\u00e3o que reside na regi\u00e3o. N\u00e3o precisa ser engenheiro de tr\u00e1fego para perceber que o local est\u00e1 precisando, urgentemente, de algum tipo de sinaliza\u00e7\u00e3o.<br \/>\n&#8211;<br \/>\n#fiscaliza\u00e7\u00e3o #tr\u00e2nsito #mobilidadeurbana #pedestres #umavozemsuadefesa #aracaju<\/p>\n","protected":false},"excerpt":{"rendered":"<p>Se eu, que estive conversando algumas horas com os moradores da Av. Jo\u00e3o Rodrigues\/Rua Bel\u00e9m, no bairro Industrial, tive dificuldades ao fazer um teste atravessando a avenida, imagine como n\u00e3o \u00e9 complicado, e o que \u00e9 pior, se arriscado diariamente para a popula\u00e7\u00e3o que reside na regi\u00e3o. N\u00e3o precisa ser engenheiro de tr\u00e1fego para perceber [&hellip;]<\/p>\n","protected":false},"author":3,"featured_media":4791,"comment_status":"open","ping_status":"open","sticky":false,"template":"","format":"standard","meta":{"ngg_post_thumbnail":0,"footnotes":""},"categories":[1],"tags":[],"class_list":["post-4797","post","type-post","status-publish","format-standard","has-post-thumbnail","hentry","category-noticias"],"featured_image_src":{"landsacpe":["https:\/\/antigo.emiliacorrea.com.br\/wp-content\/uploads\/2021\/07\/BD5625F8-BE05-4341-9AFD-9459893FEEFE-1140x445.jpeg",1140,445,true],"list":["https:\/\/antigo.emiliacorrea.com.br\/wp-content\/uploads\/2021\/07\/BD5625F8-BE05-4341-9AFD-9459893FEEFE-463x348.jpeg",463,348,true],"medium":["https:\/\/antigo.emiliacorrea.com.br\/wp-content\/uploads\/2021\/07\/BD5625F8-BE05-4341-9AFD-9459893FEEFE-300x165.jpeg",300,165,true],"full":["https:\/\/antigo.emiliacorrea.com.br\/wp-content\/uploads\/2021\/07\/BD5625F8-BE05-4341-9AFD-9459893FEEFE.jpeg",1242,685,false]},"_links":{"self":[{"href":"https:\/\/antigo.emiliacorrea.com.br\/index.php?rest_route=\/wp\/v2\/posts\/4797"}],"collection":[{"href":"https:\/\/antigo.emiliacorrea.com.br\/index.php?rest_route=\/wp\/v2\/posts"}],"about":[{"href":"https:\/\/antigo.emiliacorrea.com.br\/index.php?rest_route=\/wp\/v2\/types\/post"}],"author":[{"embeddable":true,"href":"https:\/\/antigo.emiliacorrea.com.br\/index.php?rest_route=\/wp\/v2\/users\/3"}],"replies":[{"embeddable":true,"href":"https:\/\/antigo.emiliacorrea.com.br\/index.php?rest_route=%2Fwp%2Fv2%2Fcomments&post=4797"}],"version-history":[{"count":2,"href":"https:\/\/antigo.emiliacorrea.com.br\/index.php?rest_route=\/wp\/v2\/posts\/4797\/revisions"}],"predecessor-version":[{"id":4799,"href":"https:\/\/antigo.emiliacorrea.com.br\/index.php?rest_route=\/wp\/v2\/posts\/4797\/revisions\/4799"}],"wp:featuredmedia":[{"embeddable":true,"href":"https:\/\/antigo.emiliacorrea.com.br\/index.php?rest_route=\/wp\/v2\/media\/4791"}],"wp:attachment":[{"href":"https:\/\/antigo.emiliacorrea.com.br\/index.php?rest_route=%2Fwp%2Fv2%2Fmedia&parent=4797"}],"wp:term":[{"taxonomy":"category","embeddable":true,"href":"https:\/\/antigo.emiliacorrea.com.br\/index.php?rest_route=%2Fwp%2Fv2%2Fcategories&post=4797"},{"taxonomy":"post_tag","embeddable":true,"href":"https:\/\/antigo.emiliacorrea.com.br\/index.php?rest_route=%2Fwp%2Fv2%2Ftags&post=4797"}],"curies":[{"name":"wp","href":"https:\/\/api.w.org\/{rel}","templated":true}]}}