{"id":4998,"date":"2021-10-19T14:51:55","date_gmt":"2021-10-19T17:51:55","guid":{"rendered":"https:\/\/emiliacorrea.com.br\/?p=4998"},"modified":"2021-10-19T14:51:55","modified_gmt":"2021-10-19T17:51:55","slug":"procuradoria-da-mulher-ja-existe-mas-esta-dificil-ser-materializada-diz-emilia","status":"publish","type":"post","link":"https:\/\/antigo.emiliacorrea.com.br\/?p=4998","title":{"rendered":"Procuradoria da Mulher: \u201cJ\u00e1 existe, mas est\u00e1 dif\u00edcil ser materializada\u201d, diz Em\u00edlia"},"content":{"rendered":"<p>&nbsp;<\/p>\n<p>Quem acompanha pelas redes sociais as Sess\u00f5es remota da C\u00e2mara Municipal, certamente, vai perceber que a vereadora Em\u00edlia Corr\u00eaa (Patriota) tem cobrado, massivamente a efetiva\u00e7\u00e3o da Procuradoria da Mulher no \u00e2mbito municipal. Desta vez, a presidente do \u00f3rg\u00e3o, em seu discurso, ressaltou que foi indagada durante participa\u00e7\u00e3o em um evento realizado pela Coordenadoria Estadual da Mulher em Sergipe (TJ\/SE), sobre as a\u00e7\u00f5es da Procuradoria e, foi taxativa ao afirmar, que o \u00f3rg\u00e3o s\u00f3 existe perante a aprova\u00e7\u00e3o e legisla\u00e7\u00e3o.<\/p>\n<p>\u201cEm uma reuni\u00e3o bastante proveitosa em que o foco era a capital e a rede de prote\u00e7\u00e3o \u00e0s mulheres, ficamos sem mostrar nossa produtividade pelo fato de j\u00e1 existirmos, em termos de aprova\u00e7\u00e3o, legisla\u00e7\u00e3o, por\u00e9m n\u00e3o existimos de maneira efetiva por falta do suporte t\u00e9cnico que a C\u00e2mara ainda n\u00e3o nos concedeu \u201d, declarou Em\u00edlia.<\/p>\n<p>A vereadora disse, ainda, que na reuni\u00e3o foi poss\u00edvel ter uma vis\u00e3o ampla do que tem sido feito em Aracaju em prol da mulher, e voltou a lamentar a demora na materializa\u00e7\u00e3o do \u00f3rg\u00e3o. \u201cTivemos conheci o que vem sendo sendo feito nesse sentido, n\u00e3o s\u00f3 no combate \u00e0 viol\u00eancia, mas em termos de cuidados com essa mulher, no empreendedorismo e, na sa\u00fade, inclusive. Tivemos a participa\u00e7\u00e3o de v\u00e1rias autoridades, inclusive, da secret\u00e1ria municipal de Sa\u00fade, Waneska Barboza, s\u00f3 lamento n\u00e3o termos tido a oportunidade de mostrar nossas a\u00e7\u00f5es\u201d, afirmou.<\/p>\n<p>Por fim, Em\u00edlia destacou que tem se empenhado, mas a concretiza\u00e7\u00e3o da Procuradoria da Mulher \u00e9 de responsabilidade de todos. \u201cN\u00e3o \u00e9 da Em\u00edlia. N\u00e3o \u00e9 uma causa minha. \u00c9 pelas aracajuanas. \u00c9 por necessidade. E, isso, \u00e9 de responsabilidade de todos n\u00f3s que representamos o povo. \u00c9 por isso que sigo na luta. Sigo na batalha para efetivar a Procuradoria\u201d, pontuou.<\/p>\n<p>&nbsp;<\/p>\n<p>Ascom<\/p>\n<p>\ud83d\udcf8Gilton Rosas<\/p>\n","protected":false},"excerpt":{"rendered":"<p>&nbsp; Quem acompanha pelas redes sociais as Sess\u00f5es remota da C\u00e2mara Municipal, certamente, vai perceber que a vereadora Em\u00edlia Corr\u00eaa (Patriota) tem cobrado, massivamente a efetiva\u00e7\u00e3o da Procuradoria da Mulher no \u00e2mbito municipal. Desta vez, a presidente do \u00f3rg\u00e3o, em seu discurso, ressaltou que foi indagada durante participa\u00e7\u00e3o em um evento realizado pela Coordenadoria Estadual [&hellip;]<\/p>\n","protected":false},"author":3,"featured_media":4999,"comment_status":"open","ping_status":"open","sticky":false,"template":"","format":"standard","meta":{"ngg_post_thumbnail":0,"footnotes":""},"categories":[1],"tags":[],"class_list":["post-4998","post","type-post","status-publish","format-standard","has-post-thumbnail","hentry","category-noticias"],"featured_image_src":{"landsacpe":["https:\/\/antigo.emiliacorrea.com.br\/wp-content\/uploads\/2021\/10\/C7FA6AD8-0F2F-4C0C-BDD2-5BFACC147375-1140x445.jpeg",1140,445,true],"list":["https:\/\/antigo.emiliacorrea.com.br\/wp-content\/uploads\/2021\/10\/C7FA6AD8-0F2F-4C0C-BDD2-5BFACC147375-463x348.jpeg",463,348,true],"medium":["https:\/\/antigo.emiliacorrea.com.br\/wp-content\/uploads\/2021\/10\/C7FA6AD8-0F2F-4C0C-BDD2-5BFACC147375-300x180.jpeg",300,180,true],"full":["https:\/\/antigo.emiliacorrea.com.br\/wp-content\/uploads\/2021\/10\/C7FA6AD8-0F2F-4C0C-BDD2-5BFACC147375.jpeg",1242,747,false]},"_links":{"self":[{"href":"https:\/\/antigo.emiliacorrea.com.br\/index.php?rest_route=\/wp\/v2\/posts\/4998"}],"collection":[{"href":"https:\/\/antigo.emiliacorrea.com.br\/index.php?rest_route=\/wp\/v2\/posts"}],"about":[{"href":"https:\/\/antigo.emiliacorrea.com.br\/index.php?rest_route=\/wp\/v2\/types\/post"}],"author":[{"embeddable":true,"href":"https:\/\/antigo.emiliacorrea.com.br\/index.php?rest_route=\/wp\/v2\/users\/3"}],"replies":[{"embeddable":true,"href":"https:\/\/antigo.emiliacorrea.com.br\/index.php?rest_route=%2Fwp%2Fv2%2Fcomments&post=4998"}],"version-history":[{"count":1,"href":"https:\/\/antigo.emiliacorrea.com.br\/index.php?rest_route=\/wp\/v2\/posts\/4998\/revisions"}],"predecessor-version":[{"id":5000,"href":"https:\/\/antigo.emiliacorrea.com.br\/index.php?rest_route=\/wp\/v2\/posts\/4998\/revisions\/5000"}],"wp:featuredmedia":[{"embeddable":true,"href":"https:\/\/antigo.emiliacorrea.com.br\/index.php?rest_route=\/wp\/v2\/media\/4999"}],"wp:attachment":[{"href":"https:\/\/antigo.emiliacorrea.com.br\/index.php?rest_route=%2Fwp%2Fv2%2Fmedia&parent=4998"}],"wp:term":[{"taxonomy":"category","embeddable":true,"href":"https:\/\/antigo.emiliacorrea.com.br\/index.php?rest_route=%2Fwp%2Fv2%2Fcategories&post=4998"},{"taxonomy":"post_tag","embeddable":true,"href":"https:\/\/antigo.emiliacorrea.com.br\/index.php?rest_route=%2Fwp%2Fv2%2Ftags&post=4998"}],"curies":[{"name":"wp","href":"https:\/\/api.w.org\/{rel}","templated":true}]}}