{"id":5106,"date":"2021-12-07T14:57:47","date_gmt":"2021-12-07T17:57:47","guid":{"rendered":"https:\/\/emiliacorrea.com.br\/?p=5106"},"modified":"2021-12-07T14:57:47","modified_gmt":"2021-12-07T17:57:47","slug":"mesa-diretora-emilia-e-contra-a-antecipacao-das-eleicoes-na-cma","status":"publish","type":"post","link":"https:\/\/antigo.emiliacorrea.com.br\/?p=5106","title":{"rendered":"Mesa Diretora: Em\u00edlia \u00e9 contra a antecipa\u00e7\u00e3o das elei\u00e7\u00f5es na CMA"},"content":{"rendered":"<p>&nbsp;<\/p>\n<p>Em discurso acalorado, a vereadora Em\u00edlia Corr\u00eaa (Patriota), pontuou alguns motivos pelos quais \u00e9 contr\u00e1ria \u00e0 antecipa\u00e7\u00e3o e, afirmou, que \u00e9 autora da Emenda Substitutiva, n\u00ba 1\/2021, que determinada uma data espec\u00edfica para ocorrer as elei\u00e7\u00f5es da Mesa Diretora no Legislativo Municipal. Da forma que est\u00e1, atualmente (prevista para acontecer at\u00e9 dezembro de 2022), a parlamentar avalia que est\u00e1 em \u201caberto\u201d.<\/p>\n<p>\u201cN\u00e3o sei o porque que os parlamentos precisam desse tempo de antecipa\u00e7\u00e3o para a escolha do presidente da Casa. Com embasamento nas leis, para todos os tipos de elei\u00e7\u00f5es, existem datas determinadas. Ser\u00e1 que algu\u00e9m consegue protocolar uma emenda para antecipar uma elei\u00e7\u00e3o para vereador(a)?\u201d, questionou Em\u00edlia.<\/p>\n<p>De acordo com a l\u00edder da oposi\u00e7\u00e3o, que salientou ter votado favor\u00e1vel em 1\u00aa discuss\u00e3o, tendo em vista que seria uma oportunidade para debater e propor emendas, mesmo a 2\u00aa vota\u00e7\u00e3o n\u00e3o ter ocorrido, \u00e9 preciso colocar ordem na CMA. \u201cTentar resolver uma elei\u00e7\u00e3o do jeito que quer, na hora que quer, revela muita coisa. Isso \u00e9 brincar com a intelig\u00eancia das pessoas.<br \/>\nMuitos pol\u00edticos falam em \u2018golpes\u2019. Em determinado momento, da maneira que est\u00e1, pode ser considerado um golpe. E, olhe, que n\u00e3o estou aqui defendendo candidato \u201cA\u201d ou \u201cB\u201d at\u00e9 porque nem tomei uma posi\u00e7\u00e3o sobre isso. Essa Casa tem que ter ordem. Foi com essa finalidade que propus a emenda\u201d, declarou.<\/p>\n<p>Ascom<\/p>\n<p>\ud83d\udcf8C\u00e9sar de Oliveira<\/p>\n","protected":false},"excerpt":{"rendered":"<p>&nbsp; Em discurso acalorado, a vereadora Em\u00edlia Corr\u00eaa (Patriota), pontuou alguns motivos pelos quais \u00e9 contr\u00e1ria \u00e0 antecipa\u00e7\u00e3o e, afirmou, que \u00e9 autora da Emenda Substitutiva, n\u00ba 1\/2021, que determinada uma data espec\u00edfica para ocorrer as elei\u00e7\u00f5es da Mesa Diretora no Legislativo Municipal. Da forma que est\u00e1, atualmente (prevista para acontecer at\u00e9 dezembro de 2022), [&hellip;]<\/p>\n","protected":false},"author":3,"featured_media":5035,"comment_status":"open","ping_status":"open","sticky":false,"template":"","format":"standard","meta":{"ngg_post_thumbnail":0,"footnotes":""},"categories":[1],"tags":[],"class_list":["post-5106","post","type-post","status-publish","format-standard","has-post-thumbnail","hentry","category-noticias"],"featured_image_src":{"landsacpe":["https:\/\/antigo.emiliacorrea.com.br\/wp-content\/uploads\/2021\/11\/2348F013-F355-4A92-8FE1-3B2D39C37D5C-1128x445.jpeg",1128,445,true],"list":["https:\/\/antigo.emiliacorrea.com.br\/wp-content\/uploads\/2021\/11\/2348F013-F355-4A92-8FE1-3B2D39C37D5C-463x348.jpeg",463,348,true],"medium":["https:\/\/antigo.emiliacorrea.com.br\/wp-content\/uploads\/2021\/11\/2348F013-F355-4A92-8FE1-3B2D39C37D5C-300x206.jpeg",300,206,true],"full":["https:\/\/antigo.emiliacorrea.com.br\/wp-content\/uploads\/2021\/11\/2348F013-F355-4A92-8FE1-3B2D39C37D5C.jpeg",1128,774,false]},"_links":{"self":[{"href":"https:\/\/antigo.emiliacorrea.com.br\/index.php?rest_route=\/wp\/v2\/posts\/5106"}],"collection":[{"href":"https:\/\/antigo.emiliacorrea.com.br\/index.php?rest_route=\/wp\/v2\/posts"}],"about":[{"href":"https:\/\/antigo.emiliacorrea.com.br\/index.php?rest_route=\/wp\/v2\/types\/post"}],"author":[{"embeddable":true,"href":"https:\/\/antigo.emiliacorrea.com.br\/index.php?rest_route=\/wp\/v2\/users\/3"}],"replies":[{"embeddable":true,"href":"https:\/\/antigo.emiliacorrea.com.br\/index.php?rest_route=%2Fwp%2Fv2%2Fcomments&post=5106"}],"version-history":[{"count":1,"href":"https:\/\/antigo.emiliacorrea.com.br\/index.php?rest_route=\/wp\/v2\/posts\/5106\/revisions"}],"predecessor-version":[{"id":5107,"href":"https:\/\/antigo.emiliacorrea.com.br\/index.php?rest_route=\/wp\/v2\/posts\/5106\/revisions\/5107"}],"wp:featuredmedia":[{"embeddable":true,"href":"https:\/\/antigo.emiliacorrea.com.br\/index.php?rest_route=\/wp\/v2\/media\/5035"}],"wp:attachment":[{"href":"https:\/\/antigo.emiliacorrea.com.br\/index.php?rest_route=%2Fwp%2Fv2%2Fmedia&parent=5106"}],"wp:term":[{"taxonomy":"category","embeddable":true,"href":"https:\/\/antigo.emiliacorrea.com.br\/index.php?rest_route=%2Fwp%2Fv2%2Fcategories&post=5106"},{"taxonomy":"post_tag","embeddable":true,"href":"https:\/\/antigo.emiliacorrea.com.br\/index.php?rest_route=%2Fwp%2Fv2%2Ftags&post=5106"}],"curies":[{"name":"wp","href":"https:\/\/api.w.org\/{rel}","templated":true}]}}