{"id":5147,"date":"2022-02-04T15:27:59","date_gmt":"2022-02-04T18:27:59","guid":{"rendered":"https:\/\/emiliacorrea.com.br\/?p=5147"},"modified":"2022-02-04T15:28:10","modified_gmt":"2022-02-04T18:28:10","slug":"emilia-rebate-acusacoes-de-nitinho","status":"publish","type":"post","link":"https:\/\/antigo.emiliacorrea.com.br\/?p=5147","title":{"rendered":"Em\u00edlia rebate acusa\u00e7\u00f5es de Nitinho"},"content":{"rendered":"<p>&nbsp;<\/p>\n<p>Mesmo com a diferen\u00e7a de 5h no fuso hor\u00e1rio, a vereadora Em\u00edlia Corr\u00eaa (Patriota), que, atualmente, encontra-se no Canad\u00e1, por motivos justific\u00e1veis, concedeu entrevista, ao vivo, \u00e0 uma r\u00e1dio local para esclarecer as pol\u00eamicas envolvendo seu nome, em especial, as acusa\u00e7\u00f5es infundadas feitas recentemente pelo presidente do<br \/>\nlegislativo municipal, Nitinho Vitalle (PSD).<\/p>\n<p>De forma objetiva, a oposicionista explicou o motivo da sua aus\u00eancia nas Sess\u00f5es presenciais. \u201cQuem acompanha meu trabalho, sabe que n\u00e3o tenho o h\u00e1bito de me ausentar de minhas obriga\u00e7\u00f5es, dos meus compromissos. Precisei me afastar do Brasil porque tenho uma filha que mora no Canad\u00e1, prestes a dar \u00e0 luz. \u00c9 a primeira filha dela e minha primeira neta. Um momento muito significativo para a fam\u00edlia e, antes de parlamentar, sou m\u00e3e. Embasada em uma resolu\u00e7\u00e3o, n.2, em vigor, solicitei que pudesse dar continuidade ao meu trabalho de forma remota, afinal, ficamos nesse modelo por um ano, mais ou menos, por\u00e9m meu pedido foi indeferido. Com essa negativa, no dia 20\/1 requeri minha licen\u00e7a sem remunera\u00e7\u00e3o. O que tamb\u00e9m est\u00e1 previsto no Regimento e \u00e9 meu direito\u201d, declarou.<\/p>\n<p>A vereadora disse, ainda, n\u00e3o entender a fala infeliz do presidente, quando afirmou que ela queria receber sem trabalhar. \u201cSe h\u00e1 possibilidade de trabalhar remotamente, n\u00e3o vejo motivos para n\u00e3o fazer isso, principalmente, porque haver\u00e1 momentos importantes na CMA por esses dias. Eu, apenas, quis dar continuidade ao meu trabalho. N\u00e3o sei porque isso contrariou tanto a presid\u00eancia da C\u00e2mara. N\u00e3o dependo da CMA, e nem estou de f\u00e9rias como foi dito tamb\u00e9m por ele. Isso \u00e9 uma ofensa muito grande, uma falta de respeito\u201d, afirmou.<\/p>\n<p>Por fim, Em\u00edlia avalia que, na verdade, o motivo da sua solicita\u00e7\u00e3o ter sido indeferida, pode n\u00e3o estar ligado exatamente ao que prev\u00ea o Regimento Interno, mas sim, ter rela\u00e7\u00e3o com seus posicionamentos. \u201cN\u00e3o sei porque esse piti todo. Parece que existe uma coisa muito forte com a vereadora Em\u00edlia, especificamente, por causa dos posicionamentos, estilo de ser, porque ela n\u00e3o concorda com muita coisa. E, n\u00e3o concordo, msMo. N\u00e3o fui ali para agradar mesa diretora ou presidente da Casa, s\u00f3 o povo. Nos \u00faltimos dias de sess\u00e3o tamb\u00e9m fui ofendida pela mesma pessoa. Ainda n\u00e3o dei a resposta, mas ter\u00e1\u201d, concluiu.<\/p>\n<p>\ud83d\udcf8 Itamar Bezerra<\/p>\n<p>Ascom<\/p>\n","protected":false},"excerpt":{"rendered":"<p>&nbsp; Mesmo com a diferen\u00e7a de 5h no fuso hor\u00e1rio, a vereadora Em\u00edlia Corr\u00eaa (Patriota), que, atualmente, encontra-se no Canad\u00e1, por motivos justific\u00e1veis, concedeu entrevista, ao vivo, \u00e0 uma r\u00e1dio local para esclarecer as pol\u00eamicas envolvendo seu nome, em especial, as acusa\u00e7\u00f5es infundadas feitas recentemente pelo presidente do legislativo municipal, Nitinho Vitalle (PSD). De forma [&hellip;]<\/p>\n","protected":false},"author":3,"featured_media":5148,"comment_status":"open","ping_status":"open","sticky":false,"template":"","format":"standard","meta":{"ngg_post_thumbnail":0,"footnotes":""},"categories":[1],"tags":[],"class_list":["post-5147","post","type-post","status-publish","format-standard","has-post-thumbnail","hentry","category-noticias"],"featured_image_src":{"landsacpe":["https:\/\/antigo.emiliacorrea.com.br\/wp-content\/uploads\/2022\/02\/832CFA36-2C14-49D3-B206-F0BE9B1559B4.jpeg",715,402,false],"list":["https:\/\/antigo.emiliacorrea.com.br\/wp-content\/uploads\/2022\/02\/832CFA36-2C14-49D3-B206-F0BE9B1559B4-463x348.jpeg",463,348,true],"medium":["https:\/\/antigo.emiliacorrea.com.br\/wp-content\/uploads\/2022\/02\/832CFA36-2C14-49D3-B206-F0BE9B1559B4-300x169.jpeg",300,169,true],"full":["https:\/\/antigo.emiliacorrea.com.br\/wp-content\/uploads\/2022\/02\/832CFA36-2C14-49D3-B206-F0BE9B1559B4.jpeg",715,402,false]},"_links":{"self":[{"href":"https:\/\/antigo.emiliacorrea.com.br\/index.php?rest_route=\/wp\/v2\/posts\/5147"}],"collection":[{"href":"https:\/\/antigo.emiliacorrea.com.br\/index.php?rest_route=\/wp\/v2\/posts"}],"about":[{"href":"https:\/\/antigo.emiliacorrea.com.br\/index.php?rest_route=\/wp\/v2\/types\/post"}],"author":[{"embeddable":true,"href":"https:\/\/antigo.emiliacorrea.com.br\/index.php?rest_route=\/wp\/v2\/users\/3"}],"replies":[{"embeddable":true,"href":"https:\/\/antigo.emiliacorrea.com.br\/index.php?rest_route=%2Fwp%2Fv2%2Fcomments&post=5147"}],"version-history":[{"count":1,"href":"https:\/\/antigo.emiliacorrea.com.br\/index.php?rest_route=\/wp\/v2\/posts\/5147\/revisions"}],"predecessor-version":[{"id":5149,"href":"https:\/\/antigo.emiliacorrea.com.br\/index.php?rest_route=\/wp\/v2\/posts\/5147\/revisions\/5149"}],"wp:featuredmedia":[{"embeddable":true,"href":"https:\/\/antigo.emiliacorrea.com.br\/index.php?rest_route=\/wp\/v2\/media\/5148"}],"wp:attachment":[{"href":"https:\/\/antigo.emiliacorrea.com.br\/index.php?rest_route=%2Fwp%2Fv2%2Fmedia&parent=5147"}],"wp:term":[{"taxonomy":"category","embeddable":true,"href":"https:\/\/antigo.emiliacorrea.com.br\/index.php?rest_route=%2Fwp%2Fv2%2Fcategories&post=5147"},{"taxonomy":"post_tag","embeddable":true,"href":"https:\/\/antigo.emiliacorrea.com.br\/index.php?rest_route=%2Fwp%2Fv2%2Ftags&post=5147"}],"curies":[{"name":"wp","href":"https:\/\/api.w.org\/{rel}","templated":true}]}}