{"id":5167,"date":"2022-03-07T14:38:47","date_gmt":"2022-03-07T17:38:47","guid":{"rendered":"https:\/\/emiliacorrea.com.br\/?p=5167"},"modified":"2022-03-07T14:38:47","modified_gmt":"2022-03-07T17:38:47","slug":"procuradoria-da-mulher-realiza-sessao-especial-sobre-mulheres-na-politica","status":"publish","type":"post","link":"https:\/\/antigo.emiliacorrea.com.br\/?p=5167","title":{"rendered":"Procuradoria da Mulher realiza Sess\u00e3o Especial sobre Mulheres na Pol\u00edtica"},"content":{"rendered":"<p>Mulheres na Pol\u00edtica: foi o tema da Sess\u00e3o Especial na C\u00e2mara Municipal de Aracaju (CMA) nesta segunda-feira, 7. O encontro teve o objetivo de celebrar o Dia Internacional da Mulher, comemorado dia 8 de mar\u00e7o. Abrindo a sess\u00e3o, a procuradora da Mulher da CMA, Em\u00edlia Corr\u00eaa (Patriota), disse que a quest\u00e3o n\u00e3o \u00e9 guerra dos sexos e sim, a necessidade da mulher de ocupar espa\u00e7os. \u201cS\u00f3 tem 90 anos que a mulher teve o direito de votar\u201d, chamou a aten\u00e7\u00e3o.<\/p>\n<p>A vereadora Sheyla Galba (Cidadania) protocolou essa sess\u00e3o em nome das demais integrantes da Procuradoria da Mulher: Em\u00edlia Corr\u00eaa (Patriota), Linda Brasil (PSOL) e Professora \u00c2ngela Melo (PT). De acordo Sheyla, nunca pensou em se candidatar, mas as coisas foram acontecendo e mesmo sem muita estrutura para fazer campanha conseguiu ser primeira suplente de deputada estadual e vereadora. \u201cOs homens precisam entender que lugar de mulher \u00e9 onde ela quiser estar\u201d, afirmou.<\/p>\n<p>Convidadas de Sheyla Galba, a delegada Danielle Garcia, a presidente da Comiss\u00e3o de Direitos Humanos do Instituto Ressurgir, Valdilene Martins, e a vice-presidente da OAB\/SE, Let\u00edcia Moth\u00e9, abordaram sobre o tema. O encorajamento feminino e mudan\u00e7a de comportamento social dos homens foi o tema central de Valdilene. \u201cO que queremos \u00e9 igualdade de direitos\u201d, ressaltou. No mesmo sentido, Danielle Garcia lamentou casos recorrentes de viol\u00eancia contra a mulher. \u201cMais dif\u00edcil que ser pol\u00edcia sendo mulher, \u00e9 conseguir entrar na pol\u00edtica. Precisamos romper essas barreiras\u201d, disse. J\u00e1 Let\u00edcia, tratou sobre a diferen\u00e7a que as mulheres fazem no dia a dia em todas as institui\u00e7\u00f5es.<\/p>\n<p>Em seu discurso, a vereadora \u00c2ngela Melo afirmou que o 8 de mar\u00e7o \u00e9 mais um dia de reafirma\u00e7\u00e3o das mulheres por igualdade. \u201cEsta \u00e9 uma luta mundial\u201d, refor\u00e7ou. Ainda em seu pronunciamento, Professora \u00c2ngela repudiou a fala do deputado por S\u00e3o Paulo, Arthur do Val em que objetifica a mulher ucraniana. Para a parlamentar, esse foi uma viol\u00eancia psicol\u00f3gica a todas as mulheres do mundo. Para completar a fala de \u00c2ngela, a secret\u00e1ria Estadual de Mulheres do PT, Sissa Carvalho tratou sobre a paridade de g\u00eaneros no partido.<\/p>\n<p>A vereadora Linda Brasil em seu pronunciamento, ressaltou que 8 de mar\u00e7o \u00e9 um dia de luta e resist\u00eancia das mulheres. \u201cTodas as falas das mulheres aqui hoje me tocaram muito\u201d, disse emocionada lamentando que muitos espa\u00e7os ainda sejam ocupados por homens machistas e mis\u00f3ginos.<\/p>\n<p>Tamb\u00e9m atenta as causas das mulheres, a deputada estadual e procuradora da Mulher da Alese, Goretti Reis, disse que o seu desejo \u00e9 que mais mulheres ocupem as cadeiras da pol\u00edtica para s\u00f3 assim ter igualdade nas discuss\u00f5es e decis\u00f5es. \u201cA procuradoria da Mulher est\u00e1 \u00e0 disposi\u00e7\u00e3o de todas as c\u00e2maras municipais\u201d, completou. O presidente da Comiss\u00e3o de Direito Eleitoral da OAB\/SE, Dr. Rodolfo Santana tamb\u00e9m esteve na CMA e tratou sobre cotas partid\u00e1rias.<\/p>\n<p>A ju\u00edza coordenadora da Mulher do Tribunal de Justi\u00e7a de Sergipe (TJSE), Rosa Geane, iniciou seu discurso dizendo que se sente bem representada pelas vereadoras da CMA. J\u00e1 sobre o trabalho que realiza, disse que o que querem \u00e9 transformar a dor das mulheres em a\u00e7\u00e3o. \u201cPorque queremos mudar a mentalidade de alguns pol\u00edticos. S\u00f3 a educa\u00e7\u00e3o pode mudar esse rumo\u201d, declarou. Representando o Conselho estadual da Mulher, Erika Leite afirmou que para ela, o dia 8 de mar\u00e7o \u00e9 um dia de luta das mulheres. Por fim, o presidente da Comiss\u00e3o de Direito Eleitoral da OAB\/SE, Dr. Rodolfo Santana tratou sobre cotas partid\u00e1rias.<\/p>\n<p>Por Ag\u00eancia CMA<\/p>\n<p>\ud83d\udcf8Gilton Rosas<\/p>\n","protected":false},"excerpt":{"rendered":"<p>Mulheres na Pol\u00edtica: foi o tema da Sess\u00e3o Especial na C\u00e2mara Municipal de Aracaju (CMA) nesta segunda-feira, 7. O encontro teve o objetivo de celebrar o Dia Internacional da Mulher, comemorado dia 8 de mar\u00e7o. Abrindo a sess\u00e3o, a procuradora da Mulher da CMA, Em\u00edlia Corr\u00eaa (Patriota), disse que a quest\u00e3o n\u00e3o \u00e9 guerra dos [&hellip;]<\/p>\n","protected":false},"author":3,"featured_media":5168,"comment_status":"open","ping_status":"open","sticky":false,"template":"","format":"standard","meta":{"ngg_post_thumbnail":0,"footnotes":""},"categories":[1],"tags":[],"class_list":["post-5167","post","type-post","status-publish","format-standard","has-post-thumbnail","hentry","category-noticias"],"featured_image_src":{"landsacpe":["https:\/\/antigo.emiliacorrea.com.br\/wp-content\/uploads\/2022\/03\/8C960F1A-0F87-4E8A-9B0F-09FD68AC9A97-1140x445.jpeg",1140,445,true],"list":["https:\/\/antigo.emiliacorrea.com.br\/wp-content\/uploads\/2022\/03\/8C960F1A-0F87-4E8A-9B0F-09FD68AC9A97-463x348.jpeg",463,348,true],"medium":["https:\/\/antigo.emiliacorrea.com.br\/wp-content\/uploads\/2022\/03\/8C960F1A-0F87-4E8A-9B0F-09FD68AC9A97-300x200.jpeg",300,200,true],"full":["https:\/\/antigo.emiliacorrea.com.br\/wp-content\/uploads\/2022\/03\/8C960F1A-0F87-4E8A-9B0F-09FD68AC9A97.jpeg",1600,1064,false]},"_links":{"self":[{"href":"https:\/\/antigo.emiliacorrea.com.br\/index.php?rest_route=\/wp\/v2\/posts\/5167"}],"collection":[{"href":"https:\/\/antigo.emiliacorrea.com.br\/index.php?rest_route=\/wp\/v2\/posts"}],"about":[{"href":"https:\/\/antigo.emiliacorrea.com.br\/index.php?rest_route=\/wp\/v2\/types\/post"}],"author":[{"embeddable":true,"href":"https:\/\/antigo.emiliacorrea.com.br\/index.php?rest_route=\/wp\/v2\/users\/3"}],"replies":[{"embeddable":true,"href":"https:\/\/antigo.emiliacorrea.com.br\/index.php?rest_route=%2Fwp%2Fv2%2Fcomments&post=5167"}],"version-history":[{"count":1,"href":"https:\/\/antigo.emiliacorrea.com.br\/index.php?rest_route=\/wp\/v2\/posts\/5167\/revisions"}],"predecessor-version":[{"id":5169,"href":"https:\/\/antigo.emiliacorrea.com.br\/index.php?rest_route=\/wp\/v2\/posts\/5167\/revisions\/5169"}],"wp:featuredmedia":[{"embeddable":true,"href":"https:\/\/antigo.emiliacorrea.com.br\/index.php?rest_route=\/wp\/v2\/media\/5168"}],"wp:attachment":[{"href":"https:\/\/antigo.emiliacorrea.com.br\/index.php?rest_route=%2Fwp%2Fv2%2Fmedia&parent=5167"}],"wp:term":[{"taxonomy":"category","embeddable":true,"href":"https:\/\/antigo.emiliacorrea.com.br\/index.php?rest_route=%2Fwp%2Fv2%2Fcategories&post=5167"},{"taxonomy":"post_tag","embeddable":true,"href":"https:\/\/antigo.emiliacorrea.com.br\/index.php?rest_route=%2Fwp%2Fv2%2Ftags&post=5167"}],"curies":[{"name":"wp","href":"https:\/\/api.w.org\/{rel}","templated":true}]}}