{"id":5245,"date":"2022-04-13T16:07:31","date_gmt":"2022-04-13T19:07:31","guid":{"rendered":"https:\/\/emiliacorrea.com.br\/?p=5245"},"modified":"2022-04-13T16:08:26","modified_gmt":"2022-04-13T19:08:26","slug":"metas-apresentadas-pela-sms-nao-batem-com-a-realidade-afirma-emilia","status":"publish","type":"post","link":"https:\/\/antigo.emiliacorrea.com.br\/?p=5245","title":{"rendered":"\u201cMetas apresentadas pela SMS n\u00e3o batem com a realidade\u201d, afirma Em\u00edlia"},"content":{"rendered":"<p>&nbsp;<\/p>\n<p>Criticando o formato de Audi\u00eancia P\u00fablica realizado no Legislativo Municipal (apenas pergunta e resposta) que contou com a secret\u00e1ria municipal de Sa\u00fade, Waneska Barboza, para apresentar o balancete do 3\u00ba quadrimestre e o Relat\u00f3rio Anual de Gest\u00e3o 2021 da pasta, a vereadora Em\u00edlia Corr\u00eaa (Patriota), em sua fala, disse que a realidade do servi\u00e7o p\u00fablico na capital est\u00e1 longe do que foi mostrado.<\/p>\n<p>\u201c\u00c9 o mesmo discurso todo quadrimestre. Tudo maravilha, alcan\u00e7ando metas, que metas s\u00e3o essas que a gente n\u00e3o v\u00ea? Mesmo os outros vereadores n\u00e3o falando, eles sabem que n\u00e3o os n\u00fameros condizem com o que n\u00f3s vemos e ouvimos nas ruas\u201d, declarou.<\/p>\n<p>Sobre a forma como \u00e9 conduzida a Audi\u00eancia, a oposicionista pontuou que n\u00e3o acha coerente fazer uma perguntar, ser respondida, e, em determinados casos, n\u00e3o poder rebater. \u201cA gente faz uma pergunta, recebe uma resposta totalmente contr\u00e1ria do que estamos aguardando, e fica por isso mesmo. A popula\u00e7\u00e3o assistindo isso, deve se perguntar quem est\u00e1 mentindo; os vereadores(as) ou a secret\u00e1ria, porque faz sentido\u201d, argumentou.<\/p>\n<p>Outro ponto lembrado pela parlamentar foi com rela\u00e7\u00e3o a qualidade dos insumos como fraldas, por exemplo, que n\u00e3o foram citados. \u201cRecebo v\u00e1rias reclama\u00e7\u00f5es. Muitas vezes, os pacientes t\u00eam at\u00e9 alergia por conta da qualidade. Sem falar na demora nas filas para a mamografia, falta de medicamentos, demora nos atendimentos, entre outras coisas, nada disso a gente ouve em Audi\u00eancia, \u00e9 impressionante como tudo est\u00e1 perfeito nesses relat\u00f3rios, s\u00f3 falta dizer de qual cidade \u00e9, porque Aracaju, est\u00e1 bem distante\u201d, afirmou.<\/p>\n<p>Ascom<\/p>\n<p>\ud83d\udcf8 Gilton Rosas<\/p>\n","protected":false},"excerpt":{"rendered":"<p>&nbsp; Criticando o formato de Audi\u00eancia P\u00fablica realizado no Legislativo Municipal (apenas pergunta e resposta) que contou com a secret\u00e1ria municipal de Sa\u00fade, Waneska Barboza, para apresentar o balancete do 3\u00ba quadrimestre e o Relat\u00f3rio Anual de Gest\u00e3o 2021 da pasta, a vereadora Em\u00edlia Corr\u00eaa (Patriota), em sua fala, disse que a realidade do servi\u00e7o [&hellip;]<\/p>\n","protected":false},"author":3,"featured_media":5246,"comment_status":"open","ping_status":"open","sticky":false,"template":"","format":"standard","meta":{"ngg_post_thumbnail":0,"footnotes":""},"categories":[1],"tags":[],"class_list":["post-5245","post","type-post","status-publish","format-standard","has-post-thumbnail","hentry","category-noticias"],"featured_image_src":{"landsacpe":["https:\/\/antigo.emiliacorrea.com.br\/wp-content\/uploads\/2022\/04\/D961C904-065D-4639-9049-3B605A0C8209-1121x445.jpeg",1121,445,true],"list":["https:\/\/antigo.emiliacorrea.com.br\/wp-content\/uploads\/2022\/04\/D961C904-065D-4639-9049-3B605A0C8209-463x348.jpeg",463,348,true],"medium":["https:\/\/antigo.emiliacorrea.com.br\/wp-content\/uploads\/2022\/04\/D961C904-065D-4639-9049-3B605A0C8209-300x206.jpeg",300,206,true],"full":["https:\/\/antigo.emiliacorrea.com.br\/wp-content\/uploads\/2022\/04\/D961C904-065D-4639-9049-3B605A0C8209.jpeg",1121,771,false]},"_links":{"self":[{"href":"https:\/\/antigo.emiliacorrea.com.br\/index.php?rest_route=\/wp\/v2\/posts\/5245"}],"collection":[{"href":"https:\/\/antigo.emiliacorrea.com.br\/index.php?rest_route=\/wp\/v2\/posts"}],"about":[{"href":"https:\/\/antigo.emiliacorrea.com.br\/index.php?rest_route=\/wp\/v2\/types\/post"}],"author":[{"embeddable":true,"href":"https:\/\/antigo.emiliacorrea.com.br\/index.php?rest_route=\/wp\/v2\/users\/3"}],"replies":[{"embeddable":true,"href":"https:\/\/antigo.emiliacorrea.com.br\/index.php?rest_route=%2Fwp%2Fv2%2Fcomments&post=5245"}],"version-history":[{"count":1,"href":"https:\/\/antigo.emiliacorrea.com.br\/index.php?rest_route=\/wp\/v2\/posts\/5245\/revisions"}],"predecessor-version":[{"id":5247,"href":"https:\/\/antigo.emiliacorrea.com.br\/index.php?rest_route=\/wp\/v2\/posts\/5245\/revisions\/5247"}],"wp:featuredmedia":[{"embeddable":true,"href":"https:\/\/antigo.emiliacorrea.com.br\/index.php?rest_route=\/wp\/v2\/media\/5246"}],"wp:attachment":[{"href":"https:\/\/antigo.emiliacorrea.com.br\/index.php?rest_route=%2Fwp%2Fv2%2Fmedia&parent=5245"}],"wp:term":[{"taxonomy":"category","embeddable":true,"href":"https:\/\/antigo.emiliacorrea.com.br\/index.php?rest_route=%2Fwp%2Fv2%2Fcategories&post=5245"},{"taxonomy":"post_tag","embeddable":true,"href":"https:\/\/antigo.emiliacorrea.com.br\/index.php?rest_route=%2Fwp%2Fv2%2Ftags&post=5245"}],"curies":[{"name":"wp","href":"https:\/\/api.w.org\/{rel}","templated":true}]}}