{"id":5343,"date":"2022-08-02T21:05:27","date_gmt":"2022-08-03T00:05:27","guid":{"rendered":"https:\/\/emiliacorrea.com.br\/?p=5343"},"modified":"2022-08-02T21:05:27","modified_gmt":"2022-08-03T00:05:27","slug":"edvaldo-esta-brincando-com-dinheiro-do-povo-afirma-emilia","status":"publish","type":"post","link":"https:\/\/antigo.emiliacorrea.com.br\/?p=5343","title":{"rendered":"\u201cEdvaldo est\u00e1 brincando com dinheiro do povo\u201d, afirma Em\u00edlia"},"content":{"rendered":"<p>Com o apoio de imagens feitas durante recente fiscaliza\u00e7\u00e3o na Ponte da Coroa do Meio, a vereadora Em\u00edlia Corr\u00eaa (Patriota), criticou, novamente, a falta de planejamento da administra\u00e7\u00e3o p\u00fablica ao realizar servi\u00e7os pela cidade. Avaliado em R$100mil, s\u00f3 a pintura do gradil, a parlamentar questionou a log\u00edstica do servi\u00e7o que, ap\u00f3s pintura, tiveram que que mexer no piso e, consequentemente, danificaram o que j\u00e1 tinha sido realizado anteriormente.<\/p>\n<p>\u201c\u00c9 dinheiro p\u00fablico indo para o ralo. N\u00e3o h\u00e1 o m\u00ednimo de planejamento e cuidado com o dinheiro suado dos aracajuanos(as). Quem j\u00e1 se viu pintar antes de finalizar uma obra? Isso n\u00e3o precisa nem ser t\u00e9cnico pra saber, de t\u00e3o \u00f3bvio. Mas, na gest\u00e3o de Edvaldo tudo \u00e9 poss\u00edvel\u201d, declarou.<\/p>\n<p>Ainda de acordo com a l\u00edder da oposi\u00e7\u00e3o, a reforma j\u00e1 se arrasta h\u00e1 meses, sem solu\u00e7\u00e3o. \u201cAl\u00e9m dessa desorganiza\u00e7\u00e3o, tem o transtorno para os motoristas e transeuntes que passam diariamente por aquela localidade. Ali, por si s\u00f3, j\u00e1 \u00e9 um local bem complicado no quesito tr\u00e2nsito, imagine com uma obra intermin\u00e1vel. A situa\u00e7\u00e3o fica ca\u00f3tica\u201d, pontuou.<\/p>\n<p>Silenciadores de Motos<\/p>\n<p>Outra pauta destacada pela vereadora, na Tribuna, foi com rela\u00e7\u00e3o \u00e0 falta fiscaliza\u00e7\u00e3o para os condutores de moto que infringem a lei do C\u00f3digo de Tr\u00e2nsito Brasileiro (CTB) e retiraram o silenciador do ve\u00edculo. \u201c\u00c9 um barulho ensurdecedor. Insuport\u00e1vel. Par quem n\u00e3o sabe, trata-se, ainda, de uma infra\u00e7\u00e3o grave que resulta multa e reten\u00e7\u00e3o da motocicleta, pois todos os ve\u00edculos devem ter suas caracter\u00edsticas originais. Tenho recebido dezenas de apelos de pessoas que n\u00e3o conseguem nem sentar nas cal\u00e7adas de suas resid\u00eancias. Alguma medida precisa ser tomada nesse sentido\u201d, argumentou.<\/p>\n<p>&nbsp;<\/p>\n<p>&nbsp;<\/p>\n<p>Ascom<\/p>\n<p>\ud83d\udcf8 Ag\u00eancia CMA<\/p>\n","protected":false},"excerpt":{"rendered":"<p>Com o apoio de imagens feitas durante recente fiscaliza\u00e7\u00e3o na Ponte da Coroa do Meio, a vereadora Em\u00edlia Corr\u00eaa (Patriota), criticou, novamente, a falta de planejamento da administra\u00e7\u00e3o p\u00fablica ao realizar servi\u00e7os pela cidade. Avaliado em R$100mil, s\u00f3 a pintura do gradil, a parlamentar questionou a log\u00edstica do servi\u00e7o que, ap\u00f3s pintura, tiveram que que [&hellip;]<\/p>\n","protected":false},"author":3,"featured_media":5344,"comment_status":"open","ping_status":"open","sticky":false,"template":"","format":"standard","meta":{"ngg_post_thumbnail":0,"footnotes":""},"categories":[1],"tags":[],"class_list":["post-5343","post","type-post","status-publish","format-standard","has-post-thumbnail","hentry","category-noticias"],"featured_image_src":{"landsacpe":["https:\/\/antigo.emiliacorrea.com.br\/wp-content\/uploads\/2022\/08\/AA99F2E3-EF15-481F-B4DD-03EA0DEF79CA-1111x445.jpeg",1111,445,true],"list":["https:\/\/antigo.emiliacorrea.com.br\/wp-content\/uploads\/2022\/08\/AA99F2E3-EF15-481F-B4DD-03EA0DEF79CA-463x348.jpeg",463,348,true],"medium":["https:\/\/antigo.emiliacorrea.com.br\/wp-content\/uploads\/2022\/08\/AA99F2E3-EF15-481F-B4DD-03EA0DEF79CA-300x206.jpeg",300,206,true],"full":["https:\/\/antigo.emiliacorrea.com.br\/wp-content\/uploads\/2022\/08\/AA99F2E3-EF15-481F-B4DD-03EA0DEF79CA.jpeg",1111,764,false]},"_links":{"self":[{"href":"https:\/\/antigo.emiliacorrea.com.br\/index.php?rest_route=\/wp\/v2\/posts\/5343"}],"collection":[{"href":"https:\/\/antigo.emiliacorrea.com.br\/index.php?rest_route=\/wp\/v2\/posts"}],"about":[{"href":"https:\/\/antigo.emiliacorrea.com.br\/index.php?rest_route=\/wp\/v2\/types\/post"}],"author":[{"embeddable":true,"href":"https:\/\/antigo.emiliacorrea.com.br\/index.php?rest_route=\/wp\/v2\/users\/3"}],"replies":[{"embeddable":true,"href":"https:\/\/antigo.emiliacorrea.com.br\/index.php?rest_route=%2Fwp%2Fv2%2Fcomments&post=5343"}],"version-history":[{"count":1,"href":"https:\/\/antigo.emiliacorrea.com.br\/index.php?rest_route=\/wp\/v2\/posts\/5343\/revisions"}],"predecessor-version":[{"id":5345,"href":"https:\/\/antigo.emiliacorrea.com.br\/index.php?rest_route=\/wp\/v2\/posts\/5343\/revisions\/5345"}],"wp:featuredmedia":[{"embeddable":true,"href":"https:\/\/antigo.emiliacorrea.com.br\/index.php?rest_route=\/wp\/v2\/media\/5344"}],"wp:attachment":[{"href":"https:\/\/antigo.emiliacorrea.com.br\/index.php?rest_route=%2Fwp%2Fv2%2Fmedia&parent=5343"}],"wp:term":[{"taxonomy":"category","embeddable":true,"href":"https:\/\/antigo.emiliacorrea.com.br\/index.php?rest_route=%2Fwp%2Fv2%2Fcategories&post=5343"},{"taxonomy":"post_tag","embeddable":true,"href":"https:\/\/antigo.emiliacorrea.com.br\/index.php?rest_route=%2Fwp%2Fv2%2Ftags&post=5343"}],"curies":[{"name":"wp","href":"https:\/\/api.w.org\/{rel}","templated":true}]}}