{"id":5393,"date":"2022-10-21T18:03:17","date_gmt":"2022-10-21T21:03:17","guid":{"rendered":"https:\/\/emiliacorrea.com.br\/?p=5393"},"modified":"2022-10-21T18:03:49","modified_gmt":"2022-10-21T21:03:49","slug":"edvaldo-esta-priorizando-eleger-seu-candidato-a-governador-os-problemas-de-aracaju-podem-esperar-ironiza-emilia","status":"publish","type":"post","link":"https:\/\/antigo.emiliacorrea.com.br\/?p=5393","title":{"rendered":"\u201cEdvaldo est\u00e1 priorizando eleger seu candidato a governador, os problemas de Aracaju podem esperar\u201d, ironiza Em\u00edlia"},"content":{"rendered":"<p>&nbsp;<\/p>\n<p>Sem medir palavras, a l\u00edder da oposi\u00e7\u00e3o no Legislativo Municipal vereadora Em\u00edlia Corr\u00eaa (Patriota) cobrou respostas do prefeito Edvaldo Nogueira (PDT) com rela\u00e7\u00e3o \u00e0 v\u00e1rios problemas que persistem na cidade, sem solu\u00e7\u00e3o. Entre eles, a parlamentar fez quest\u00e3o de citar o da Rua General Valen\u00e7a, situada no bairro Cidade Nova &#8211; intransit\u00e1vel e sem saneamento b\u00e1sico &#8211; onde h\u00e1 tr\u00eas anos faz fiscaliza\u00e7\u00f5es e a situa\u00e7\u00e3o permanece do mesmo jeito.<\/p>\n<p>\u201cGostaria muito de saber a quem devemos cobrar at\u00e9 mesmo pra dar uma resposta segura aos moradores que me cobram tamb\u00e9m e j\u00e1 n\u00e3o sei mais o que dizer. Minha parte eu tenho feito. Ali\u00e1s, desde 2017 tenho visitado aquela comunidade e, pasmem, nada mudou. S\u00f3 piora\u201d, comentou.<\/p>\n<p>Segundo Em\u00edlia, neste caso espec\u00edfico, que foi uma den\u00fancia feita por um morador que possui defici\u00eancia motora, em suas redes sociais, para se ter uma ideia da precariedade, nem ambul\u00e2ncia consegue entrar no local.<\/p>\n<p>\u201c\u00c9 desumano. Os moradores n\u00e3o t\u00eam o m\u00ednimo de dignidade. Precisam ver o constrangimento que \u00e9 para este senhor sair de casa, tem que mobilizar v\u00e1rias pessoas para conseguir transitar na rua, se \u00e9 que podemos chamar aquilo de rua\u201d, pontuou.<\/p>\n<p>Hermes Fontes<\/p>\n<p>Ainda em discurso acalorado, a oposicionista tamb\u00e9m mencionou sobre os corredores e a falta de arboriza\u00e7\u00e3o da Hermes Fontes.<\/p>\n<p>\u201cPra quem melhorou aquela mudan\u00e7a que foi feita l\u00e1? Todo aquele investimento? Os abrigos (cada) entre materiais e m\u00e3o de obra, ficaram no valor de R$ 31.648,06 e j\u00e1 est\u00e3o deteriorando. Ou seja, mais um risco para quem utiliza. Quer dizer, os usu\u00e1rios de \u00f4nibus n\u00e3o t\u00eam o m\u00ednimo de seguran\u00e7a, os pedestres tamb\u00e9m n\u00e3o, acessibilidade zero, arboriza\u00e7\u00e3o nenhuma. Mas o importante \u00e9 que a obra foi denominada como estruturante para encher os olhos dos eleitores. Se vai ser eficaz, isso o tempo \u00e9 quem vai dizer. \u00c9 assim que funciona\u201d, afirmou.<\/p>\n<p>&nbsp;<\/p>\n<p>&nbsp;<\/p>\n<p>Ascom<\/p>\n<p>\ud83d\udcf8 Gilton Rosas<\/p>\n","protected":false},"excerpt":{"rendered":"<p>&nbsp; Sem medir palavras, a l\u00edder da oposi\u00e7\u00e3o no Legislativo Municipal vereadora Em\u00edlia Corr\u00eaa (Patriota) cobrou respostas do prefeito Edvaldo Nogueira (PDT) com rela\u00e7\u00e3o \u00e0 v\u00e1rios problemas que persistem na cidade, sem solu\u00e7\u00e3o. Entre eles, a parlamentar fez quest\u00e3o de citar o da Rua General Valen\u00e7a, situada no bairro Cidade Nova &#8211; intransit\u00e1vel e sem [&hellip;]<\/p>\n","protected":false},"author":3,"featured_media":5352,"comment_status":"open","ping_status":"open","sticky":false,"template":"","format":"standard","meta":{"ngg_post_thumbnail":0,"footnotes":""},"categories":[1],"tags":[],"class_list":["post-5393","post","type-post","status-publish","format-standard","has-post-thumbnail","hentry","category-noticias"],"featured_image_src":{"landsacpe":["https:\/\/antigo.emiliacorrea.com.br\/wp-content\/uploads\/2022\/08\/6EDF8761-B9FF-4C69-B79F-295DD3260E09-1117x445.jpeg",1117,445,true],"list":["https:\/\/antigo.emiliacorrea.com.br\/wp-content\/uploads\/2022\/08\/6EDF8761-B9FF-4C69-B79F-295DD3260E09-463x348.jpeg",463,348,true],"medium":["https:\/\/antigo.emiliacorrea.com.br\/wp-content\/uploads\/2022\/08\/6EDF8761-B9FF-4C69-B79F-295DD3260E09-300x205.jpeg",300,205,true],"full":["https:\/\/antigo.emiliacorrea.com.br\/wp-content\/uploads\/2022\/08\/6EDF8761-B9FF-4C69-B79F-295DD3260E09.jpeg",1117,764,false]},"_links":{"self":[{"href":"https:\/\/antigo.emiliacorrea.com.br\/index.php?rest_route=\/wp\/v2\/posts\/5393"}],"collection":[{"href":"https:\/\/antigo.emiliacorrea.com.br\/index.php?rest_route=\/wp\/v2\/posts"}],"about":[{"href":"https:\/\/antigo.emiliacorrea.com.br\/index.php?rest_route=\/wp\/v2\/types\/post"}],"author":[{"embeddable":true,"href":"https:\/\/antigo.emiliacorrea.com.br\/index.php?rest_route=\/wp\/v2\/users\/3"}],"replies":[{"embeddable":true,"href":"https:\/\/antigo.emiliacorrea.com.br\/index.php?rest_route=%2Fwp%2Fv2%2Fcomments&post=5393"}],"version-history":[{"count":2,"href":"https:\/\/antigo.emiliacorrea.com.br\/index.php?rest_route=\/wp\/v2\/posts\/5393\/revisions"}],"predecessor-version":[{"id":5396,"href":"https:\/\/antigo.emiliacorrea.com.br\/index.php?rest_route=\/wp\/v2\/posts\/5393\/revisions\/5396"}],"wp:featuredmedia":[{"embeddable":true,"href":"https:\/\/antigo.emiliacorrea.com.br\/index.php?rest_route=\/wp\/v2\/media\/5352"}],"wp:attachment":[{"href":"https:\/\/antigo.emiliacorrea.com.br\/index.php?rest_route=%2Fwp%2Fv2%2Fmedia&parent=5393"}],"wp:term":[{"taxonomy":"category","embeddable":true,"href":"https:\/\/antigo.emiliacorrea.com.br\/index.php?rest_route=%2Fwp%2Fv2%2Fcategories&post=5393"},{"taxonomy":"post_tag","embeddable":true,"href":"https:\/\/antigo.emiliacorrea.com.br\/index.php?rest_route=%2Fwp%2Fv2%2Ftags&post=5393"}],"curies":[{"name":"wp","href":"https:\/\/api.w.org\/{rel}","templated":true}]}}