{"id":5411,"date":"2022-11-23T16:09:11","date_gmt":"2022-11-23T19:09:11","guid":{"rendered":"https:\/\/emiliacorrea.com.br\/?p=5411"},"modified":"2022-11-23T16:09:11","modified_gmt":"2022-11-23T19:09:11","slug":"a-gestao-que-cuida-so-existe-nas-propagandas-critica-emilia","status":"publish","type":"post","link":"https:\/\/antigo.emiliacorrea.com.br\/?p=5411","title":{"rendered":"\u201c A gest\u00e3o que cuida s\u00f3 existe nas propagandas\u201d, critica Em\u00edlia"},"content":{"rendered":"<p>&nbsp;<\/p>\n<p>Atuante nas fiscaliza\u00e7\u00f5es, a vereadora Em\u00edlia Corr\u00eaa (Patriota) tem percorrido v\u00e1rias Unidades B\u00e1sicas de Sa\u00fade (UBS) ap\u00f3s receber den\u00fancias dos usu\u00e1rios em suas redes sociais. Em seu discurso no Legislativo Municipal, a parlamentar que estava embasada com fotos e v\u00eddeos, mostrou a precariedade no atendimento da UBS Geraldo Magela, situada no Orlando Dantas.<\/p>\n<p>\u201cExistem casos de pessoas esperando h\u00e1 meses e, at\u00e9, h\u00e1 mais de um ano. Ainda assim, diante de tamanha desumanidade, os moradores precisam se arriscar, chegando de madrugada na porta serem atendidos. Isso n\u00e3o foi ningu\u00e9m que me falou, estive no local cedo, como podem ver\u201d, declarou a vereadora.<\/p>\n<p>Ainda segundo Em\u00edlia, os diversos problemas mencionados pelos usu\u00e1rios n\u00e3o s\u00e3o pontuais.<br \/>\n\u201cTorno a dizer que n\u00e3o tenho nenhum problema pessoal com a secret\u00e1ria de sa\u00fade, mas n\u00e3o consigo entender como falam tanto de estar desempenhando uma boa gest\u00e3o se em v\u00e1rias unidades a situa\u00e7\u00e3o se repete, h\u00e1 anos. Os aracajuanos(as) est\u00e3o cansados de tanto descaso.<br \/>\nQue tipo de cuidar \u00e9 este se o b\u00e1sico n\u00e3o est\u00e3o fazendo?, questionou a l\u00edder da oposi\u00e7\u00e3o na Casa.<\/p>\n<p>&nbsp;<\/p>\n<p>Ascom<\/p>\n<p>\ud83d\udcf8Gilton Rosas<\/p>\n","protected":false},"excerpt":{"rendered":"<p>&nbsp; Atuante nas fiscaliza\u00e7\u00f5es, a vereadora Em\u00edlia Corr\u00eaa (Patriota) tem percorrido v\u00e1rias Unidades B\u00e1sicas de Sa\u00fade (UBS) ap\u00f3s receber den\u00fancias dos usu\u00e1rios em suas redes sociais. Em seu discurso no Legislativo Municipal, a parlamentar que estava embasada com fotos e v\u00eddeos, mostrou a precariedade no atendimento da UBS Geraldo Magela, situada no Orlando Dantas. \u201cExistem [&hellip;]<\/p>\n","protected":false},"author":3,"featured_media":5412,"comment_status":"open","ping_status":"open","sticky":false,"template":"","format":"standard","meta":{"ngg_post_thumbnail":0,"footnotes":""},"categories":[1],"tags":[],"class_list":["post-5411","post","type-post","status-publish","format-standard","has-post-thumbnail","hentry","category-noticias"],"featured_image_src":{"landsacpe":["https:\/\/antigo.emiliacorrea.com.br\/wp-content\/uploads\/2022\/11\/F163436B-AB7D-4681-BCE4-44175CF036F3-1140x445.jpeg",1140,445,true],"list":["https:\/\/antigo.emiliacorrea.com.br\/wp-content\/uploads\/2022\/11\/F163436B-AB7D-4681-BCE4-44175CF036F3-463x348.jpeg",463,348,true],"medium":["https:\/\/antigo.emiliacorrea.com.br\/wp-content\/uploads\/2022\/11\/F163436B-AB7D-4681-BCE4-44175CF036F3-300x202.jpeg",300,202,true],"full":["https:\/\/antigo.emiliacorrea.com.br\/wp-content\/uploads\/2022\/11\/F163436B-AB7D-4681-BCE4-44175CF036F3.jpeg",1146,770,false]},"_links":{"self":[{"href":"https:\/\/antigo.emiliacorrea.com.br\/index.php?rest_route=\/wp\/v2\/posts\/5411"}],"collection":[{"href":"https:\/\/antigo.emiliacorrea.com.br\/index.php?rest_route=\/wp\/v2\/posts"}],"about":[{"href":"https:\/\/antigo.emiliacorrea.com.br\/index.php?rest_route=\/wp\/v2\/types\/post"}],"author":[{"embeddable":true,"href":"https:\/\/antigo.emiliacorrea.com.br\/index.php?rest_route=\/wp\/v2\/users\/3"}],"replies":[{"embeddable":true,"href":"https:\/\/antigo.emiliacorrea.com.br\/index.php?rest_route=%2Fwp%2Fv2%2Fcomments&post=5411"}],"version-history":[{"count":1,"href":"https:\/\/antigo.emiliacorrea.com.br\/index.php?rest_route=\/wp\/v2\/posts\/5411\/revisions"}],"predecessor-version":[{"id":5413,"href":"https:\/\/antigo.emiliacorrea.com.br\/index.php?rest_route=\/wp\/v2\/posts\/5411\/revisions\/5413"}],"wp:featuredmedia":[{"embeddable":true,"href":"https:\/\/antigo.emiliacorrea.com.br\/index.php?rest_route=\/wp\/v2\/media\/5412"}],"wp:attachment":[{"href":"https:\/\/antigo.emiliacorrea.com.br\/index.php?rest_route=%2Fwp%2Fv2%2Fmedia&parent=5411"}],"wp:term":[{"taxonomy":"category","embeddable":true,"href":"https:\/\/antigo.emiliacorrea.com.br\/index.php?rest_route=%2Fwp%2Fv2%2Fcategories&post=5411"},{"taxonomy":"post_tag","embeddable":true,"href":"https:\/\/antigo.emiliacorrea.com.br\/index.php?rest_route=%2Fwp%2Fv2%2Ftags&post=5411"}],"curies":[{"name":"wp","href":"https:\/\/api.w.org\/{rel}","templated":true}]}}