{"id":5559,"date":"2023-06-08T07:11:33","date_gmt":"2023-06-08T10:11:33","guid":{"rendered":"https:\/\/emiliacorrea.com.br\/?p=5559"},"modified":"2023-06-08T07:11:33","modified_gmt":"2023-06-08T10:11:33","slug":"sao-quase-16-anos-de-edvaldo-no-poder-e-os-velhos-problemas-persistem-dispara-emilia","status":"publish","type":"post","link":"https:\/\/antigo.emiliacorrea.com.br\/?p=5559","title":{"rendered":"\u201cS\u00e3o quase 16 anos de Edvaldo no poder, e os velhos problemas persistem\u201d, dispara Em\u00edlia"},"content":{"rendered":"<p>&nbsp;<\/p>\n<p>Constantemente fiscalizando bairros da capital, sobretudo, os mais perif\u00e9ricos, a vereadora Em\u00edlia Corr\u00eaa (Patriota), em discurso na Tribuna do Legislativo Municipal, declarou, que, costuma retornar aos locais das den\u00fancias para verificar se as demandas foram sanadas, mas, em sua grande maioria, a situa\u00e7\u00e3o permanece do mesmo jeito.<br \/>\nOu seja, a Prefeitura de Aracaju n\u00e3o tem cumprido o seu papel de executar, mesmo tendo \u00e0 frente um gestor com quase 16 anos na administra\u00e7\u00e3o.<\/p>\n<p>\u201cOs problemas s\u00e3o in\u00fameros. Em todos os bairros da cidade, mas Santa Maria, Mosqueiro, Lamar\u00e3o e tantos outros com maior vulnerabilidade, a falta de infraestrutura \u00e9 gritante. Estive na Ayton Teles cobrando melhorias, um ano ap\u00f3s fui novamente e nada mudou. A gente n\u00e3o pode admitir isso. Sei que as coisas n\u00e3o se resolvem de uma hora para outra, mas s\u00e3o 4 mandatos no poder\u201d, afirmou.<\/p>\n<p>A oposicionista voltou a criticar a falta de planejamento da PMA. \u201cFicam nos discursos bonitos, mas, na pr\u00e1tica, os aracajuanos (as) \u00e9 que sofrem. Essas quest\u00f5es dos alagamentos, por exemplo, \u00e9 um absurdo. Praticamente em toda Aracaju. Entra ano, sai ano, todo mundo sabe qual o per\u00edodo chuvoso aqui e n\u00e3o fazem nada para minimizar os transtornos, fruto de uma gest\u00e3o incompetentemente\u201d, ressaltou.<\/p>\n<p>&nbsp;<\/p>\n<p>&nbsp;<\/p>\n<p>Ascom<\/p>\n<p>\ud83d\udcf8 Gilton Andrade<\/p>\n","protected":false},"excerpt":{"rendered":"<p>&nbsp; Constantemente fiscalizando bairros da capital, sobretudo, os mais perif\u00e9ricos, a vereadora Em\u00edlia Corr\u00eaa (Patriota), em discurso na Tribuna do Legislativo Municipal, declarou, que, costuma retornar aos locais das den\u00fancias para verificar se as demandas foram sanadas, mas, em sua grande maioria, a situa\u00e7\u00e3o permanece do mesmo jeito. Ou seja, a Prefeitura de Aracaju n\u00e3o [&hellip;]<\/p>\n","protected":false},"author":3,"featured_media":5560,"comment_status":"open","ping_status":"open","sticky":false,"template":"","format":"standard","meta":{"ngg_post_thumbnail":0,"footnotes":""},"categories":[1],"tags":[],"class_list":["post-5559","post","type-post","status-publish","format-standard","has-post-thumbnail","hentry","category-noticias"],"featured_image_src":{"landsacpe":["https:\/\/antigo.emiliacorrea.com.br\/wp-content\/uploads\/2023\/06\/3803226C-1EA9-482A-BB94-2B1DFD0A8AEE-1140x445.jpeg",1140,445,true],"list":["https:\/\/antigo.emiliacorrea.com.br\/wp-content\/uploads\/2023\/06\/3803226C-1EA9-482A-BB94-2B1DFD0A8AEE-463x348.jpeg",463,348,true],"medium":["https:\/\/antigo.emiliacorrea.com.br\/wp-content\/uploads\/2023\/06\/3803226C-1EA9-482A-BB94-2B1DFD0A8AEE-300x171.jpeg",300,171,true],"full":["https:\/\/antigo.emiliacorrea.com.br\/wp-content\/uploads\/2023\/06\/3803226C-1EA9-482A-BB94-2B1DFD0A8AEE.jpeg",1140,649,false]},"_links":{"self":[{"href":"https:\/\/antigo.emiliacorrea.com.br\/index.php?rest_route=\/wp\/v2\/posts\/5559"}],"collection":[{"href":"https:\/\/antigo.emiliacorrea.com.br\/index.php?rest_route=\/wp\/v2\/posts"}],"about":[{"href":"https:\/\/antigo.emiliacorrea.com.br\/index.php?rest_route=\/wp\/v2\/types\/post"}],"author":[{"embeddable":true,"href":"https:\/\/antigo.emiliacorrea.com.br\/index.php?rest_route=\/wp\/v2\/users\/3"}],"replies":[{"embeddable":true,"href":"https:\/\/antigo.emiliacorrea.com.br\/index.php?rest_route=%2Fwp%2Fv2%2Fcomments&post=5559"}],"version-history":[{"count":1,"href":"https:\/\/antigo.emiliacorrea.com.br\/index.php?rest_route=\/wp\/v2\/posts\/5559\/revisions"}],"predecessor-version":[{"id":5561,"href":"https:\/\/antigo.emiliacorrea.com.br\/index.php?rest_route=\/wp\/v2\/posts\/5559\/revisions\/5561"}],"wp:featuredmedia":[{"embeddable":true,"href":"https:\/\/antigo.emiliacorrea.com.br\/index.php?rest_route=\/wp\/v2\/media\/5560"}],"wp:attachment":[{"href":"https:\/\/antigo.emiliacorrea.com.br\/index.php?rest_route=%2Fwp%2Fv2%2Fmedia&parent=5559"}],"wp:term":[{"taxonomy":"category","embeddable":true,"href":"https:\/\/antigo.emiliacorrea.com.br\/index.php?rest_route=%2Fwp%2Fv2%2Fcategories&post=5559"},{"taxonomy":"post_tag","embeddable":true,"href":"https:\/\/antigo.emiliacorrea.com.br\/index.php?rest_route=%2Fwp%2Fv2%2Ftags&post=5559"}],"curies":[{"name":"wp","href":"https:\/\/api.w.org\/{rel}","templated":true}]}}