{"id":5668,"date":"2023-09-01T14:49:05","date_gmt":"2023-09-01T17:49:05","guid":{"rendered":"https:\/\/emiliacorrea.com.br\/?p=5668"},"modified":"2023-09-01T14:49:05","modified_gmt":"2023-09-01T17:49:05","slug":"emilia-lamenta-possivel-reducao-da-cota-para-as-mulheres","status":"publish","type":"post","link":"https:\/\/antigo.emiliacorrea.com.br\/?p=5668","title":{"rendered":"Em\u00edlia lamenta poss\u00edvel redu\u00e7\u00e3o da cota para as mulheres"},"content":{"rendered":"<p>&nbsp;<\/p>\n<p>O assunto que tem gerado pol\u00eamica no cen\u00e1rio federal: a possibilidade de reduzir de 30% para 15% o limite da cota estipulada para gastar nas elei\u00e7\u00f5es de candidatas mulheres e de negros, tamb\u00e9m foi repercutido no Legislativo Municipal durante a fala da vereadora Em\u00edlia Corr\u00eaa (Patriota) que, sempre levantou bandeira e considera importante a participa\u00e7\u00e3o igualit\u00e1ria das mulheres na pol\u00edtica.<\/p>\n<p>A discuss\u00e3o na C\u00e2mara dos Deputados \u00e9 para se construir um texto que perdoe multas dos diret\u00f3rios nacionais e estaduais que n\u00e3o conseguiram cumprir as cotas ao destinar recursos eleitorais \u00e0s mulheres e negros e nem prestaram contas corretamente. Mas, mais que isso, a discuss\u00e3o caminhou tamb\u00e9m para que seja reduzido de 30% para 15% o limite da cota estipulada para gastar nas elei\u00e7\u00f5es de candidatas mulheres e de negros.<\/p>\n<p>A expectativa \u00e9 que seja formulado um projeto de lei para reorganizar a distribui\u00e7\u00e3o dos recursos do fundo eleitoral j\u00e1 para as elei\u00e7\u00f5es municipais do pr\u00f3ximo ano.<\/p>\n<p>\u201c\u00c9 sempre. Os discursos em defesa das mulheres sempre s\u00e3o os mais bonitos e bem elaborados, mas na pr\u00e1tica, querem nos ver longe, a todo custo dos espa\u00e7os de poder. N\u00e3o podemos permitir\u201d, afirmou a vereadora.<\/p>\n<p>Em\u00edlia ainda acrescentou que se isso de fato ocorrer, dificultar\u00e1 ainda mais a participa\u00e7\u00e3o das mulheres na luta pela democracia.<\/p>\n<p>\u201cDevemos fortalecer e, n\u00e3o, admitir que situa\u00e7\u00f5es como essa possa acontecer. Temos que garantir a paridade de g\u00eanero em todos os poderes em defesa das nossas pautas. 30% \u00e9 o m\u00ednimo. N\u00e3o \u00e9 suficiente. Imagine diminuindo\u201d, lamentou.<\/p>\n<p>&nbsp;<\/p>\n<p>Ascom\/EC<\/p>\n<p>Gilton Rosas<\/p>\n<p>&nbsp;<\/p>\n","protected":false},"excerpt":{"rendered":"<p>&nbsp; O assunto que tem gerado pol\u00eamica no cen\u00e1rio federal: a possibilidade de reduzir de 30% para 15% o limite da cota estipulada para gastar nas elei\u00e7\u00f5es de candidatas mulheres e de negros, tamb\u00e9m foi repercutido no Legislativo Municipal durante a fala da vereadora Em\u00edlia Corr\u00eaa (Patriota) que, sempre levantou bandeira e considera importante a [&hellip;]<\/p>\n","protected":false},"author":3,"featured_media":5623,"comment_status":"open","ping_status":"open","sticky":false,"template":"","format":"standard","meta":{"ngg_post_thumbnail":0,"footnotes":""},"categories":[1],"tags":[],"class_list":["post-5668","post","type-post","status-publish","format-standard","has-post-thumbnail","hentry","category-noticias"],"featured_image_src":{"landsacpe":["https:\/\/antigo.emiliacorrea.com.br\/wp-content\/uploads\/2023\/08\/9792DB68-3E64-480A-8E45-42E74D814202-1095x445.jpeg",1095,445,true],"list":["https:\/\/antigo.emiliacorrea.com.br\/wp-content\/uploads\/2023\/08\/9792DB68-3E64-480A-8E45-42E74D814202-463x348.jpeg",463,348,true],"medium":["https:\/\/antigo.emiliacorrea.com.br\/wp-content\/uploads\/2023\/08\/9792DB68-3E64-480A-8E45-42E74D814202-300x204.jpeg",300,204,true],"full":["https:\/\/antigo.emiliacorrea.com.br\/wp-content\/uploads\/2023\/08\/9792DB68-3E64-480A-8E45-42E74D814202.jpeg",1095,745,false]},"_links":{"self":[{"href":"https:\/\/antigo.emiliacorrea.com.br\/index.php?rest_route=\/wp\/v2\/posts\/5668"}],"collection":[{"href":"https:\/\/antigo.emiliacorrea.com.br\/index.php?rest_route=\/wp\/v2\/posts"}],"about":[{"href":"https:\/\/antigo.emiliacorrea.com.br\/index.php?rest_route=\/wp\/v2\/types\/post"}],"author":[{"embeddable":true,"href":"https:\/\/antigo.emiliacorrea.com.br\/index.php?rest_route=\/wp\/v2\/users\/3"}],"replies":[{"embeddable":true,"href":"https:\/\/antigo.emiliacorrea.com.br\/index.php?rest_route=%2Fwp%2Fv2%2Fcomments&post=5668"}],"version-history":[{"count":1,"href":"https:\/\/antigo.emiliacorrea.com.br\/index.php?rest_route=\/wp\/v2\/posts\/5668\/revisions"}],"predecessor-version":[{"id":5669,"href":"https:\/\/antigo.emiliacorrea.com.br\/index.php?rest_route=\/wp\/v2\/posts\/5668\/revisions\/5669"}],"wp:featuredmedia":[{"embeddable":true,"href":"https:\/\/antigo.emiliacorrea.com.br\/index.php?rest_route=\/wp\/v2\/media\/5623"}],"wp:attachment":[{"href":"https:\/\/antigo.emiliacorrea.com.br\/index.php?rest_route=%2Fwp%2Fv2%2Fmedia&parent=5668"}],"wp:term":[{"taxonomy":"category","embeddable":true,"href":"https:\/\/antigo.emiliacorrea.com.br\/index.php?rest_route=%2Fwp%2Fv2%2Fcategories&post=5668"},{"taxonomy":"post_tag","embeddable":true,"href":"https:\/\/antigo.emiliacorrea.com.br\/index.php?rest_route=%2Fwp%2Fv2%2Ftags&post=5668"}],"curies":[{"name":"wp","href":"https:\/\/api.w.org\/{rel}","templated":true}]}}