{"id":5819,"date":"2023-12-06T07:09:11","date_gmt":"2023-12-06T10:09:11","guid":{"rendered":"https:\/\/emiliacorrea.com.br\/?p=5819"},"modified":"2023-12-06T07:09:11","modified_gmt":"2023-12-06T10:09:11","slug":"gestao-de-edvaldo-e-uma-bomba-e-o-pavio-quem-acende-e-o-povo-afirma-emilia","status":"publish","type":"post","link":"https:\/\/antigo.emiliacorrea.com.br\/?p=5819","title":{"rendered":"\u201cGest\u00e3o de Edvaldo \u00e9 uma bomba e o pavio quem acende \u00e9 o povo\u201d, afirma Em\u00edlia"},"content":{"rendered":"<p>\u201cJ\u00e1 \u00e9 praticamente a quarta gest\u00e3o de Edvaldo Nogueira, e, ele consegue, com maestria, deixar o aracajuano(a) passar por cada situa\u00e7\u00e3o humilhante que parece mentira\u201d, foi com esta frase que a vereadora Em\u00edlia Corr\u00eaa (PRD) sintetizou sua fala, na Tribuna da C\u00e2mara de Vereadores, ao fazer uma cr\u00edtica \u00e0 atual administra\u00e7\u00e3o, mencionando, inclusive, v\u00e1rios problemas em setores p\u00fablicos que se arrastam por d\u00e9cadas.<\/p>\n<p>\u201c\u00c9 inaceit\u00e1vel que um gestor tenha tantos anos \u00e0 frente de uma pasta e n\u00e3o consiga concretizar determinadas coisas. Promessas, ali\u00e1s, de campanha.<br \/>\nAgora, com a proximidade das elei\u00e7\u00f5es, tem tentado justificar e solucionar algumas\u201d, declarou a oposicionista.<\/p>\n<p>Um dos exemplos expostos em Plen\u00e1rio por Em\u00edlia, foi feito durante fiscaliza\u00e7\u00e3o na rodovia dos N\u00e1ufragos, bairro Aruana. Pessoas que utilizam o transporte p\u00fablico passam quase 3h aguardando um \u00f4nibus no meio fio, pois o b\u00e1sico: um abrigo, n\u00e3o existe.<\/p>\n<p>\u201cAconteceu exatamente o que uma das mulheres me relatou durante entrevista. S\u00e3o quase 3h esperando uma \u00fanica linha passar no local, e, quando ela passa, dificilmente para por conta da lota\u00e7\u00e3o. Eles t\u00eam que esperar o pr\u00f3ximo se quiser seguir viagem\u201d, relatou a vereadora que capturou o imagem em v\u00eddeo.<\/p>\n<p>Ainda em discurso, a vereadora relembrou que a cria\u00e7\u00e3o de um Centro de Diagn\u00f3stico de Imagem foi uma promessa (n\u00e3o cumprida) de campanha de Edvaldo. \u201c\u00c9 algo que me choca diante da necessidade e, principalmente, porque ele prometeu em suas campanhas. Pensei que seria feito logo no in\u00edcio. A realidade, \u00e9 que preferem pagar, e, caro, por um servi\u00e7o que o munic\u00edpio poderia ofertar. N\u00e3o estamos falando nada de absurdo. Trata-se de algo b\u00e1sico. Em d\u00e9cadas n\u00e3o foi feito. Com verbas nos cofres p\u00fablicos. Gest\u00e3o de Edvaldo se resume em metas n\u00e3o cumpridas e, as que aparentemente foram, s\u00e3o mal feitas\u201d, finalizou.<\/p>\n<p>&nbsp;<\/p>\n<p>\ud83d\udcddAscom\/EC<\/p>\n<p>\ud83d\udcf8Gilton Rosas<\/p>\n","protected":false},"excerpt":{"rendered":"<p>\u201cJ\u00e1 \u00e9 praticamente a quarta gest\u00e3o de Edvaldo Nogueira, e, ele consegue, com maestria, deixar o aracajuano(a) passar por cada situa\u00e7\u00e3o humilhante que parece mentira\u201d, foi com esta frase que a vereadora Em\u00edlia Corr\u00eaa (PRD) sintetizou sua fala, na Tribuna da C\u00e2mara de Vereadores, ao fazer uma cr\u00edtica \u00e0 atual administra\u00e7\u00e3o, mencionando, inclusive, v\u00e1rios problemas [&hellip;]<\/p>\n","protected":false},"author":3,"featured_media":5820,"comment_status":"open","ping_status":"open","sticky":false,"template":"","format":"standard","meta":{"ngg_post_thumbnail":0,"footnotes":""},"categories":[1],"tags":[],"class_list":["post-5819","post","type-post","status-publish","format-standard","has-post-thumbnail","hentry","category-noticias"],"featured_image_src":{"landsacpe":["https:\/\/antigo.emiliacorrea.com.br\/wp-content\/uploads\/2023\/12\/2ed99e8d-3347-4bc0-a7ae-4a750f066ff5-1066x445.jpeg",1066,445,true],"list":["https:\/\/antigo.emiliacorrea.com.br\/wp-content\/uploads\/2023\/12\/2ed99e8d-3347-4bc0-a7ae-4a750f066ff5-463x348.jpeg",463,348,true],"medium":["https:\/\/antigo.emiliacorrea.com.br\/wp-content\/uploads\/2023\/12\/2ed99e8d-3347-4bc0-a7ae-4a750f066ff5-200x300.jpeg",200,300,true],"full":["https:\/\/antigo.emiliacorrea.com.br\/wp-content\/uploads\/2023\/12\/2ed99e8d-3347-4bc0-a7ae-4a750f066ff5.jpeg",1066,1600,false]},"_links":{"self":[{"href":"https:\/\/antigo.emiliacorrea.com.br\/index.php?rest_route=\/wp\/v2\/posts\/5819"}],"collection":[{"href":"https:\/\/antigo.emiliacorrea.com.br\/index.php?rest_route=\/wp\/v2\/posts"}],"about":[{"href":"https:\/\/antigo.emiliacorrea.com.br\/index.php?rest_route=\/wp\/v2\/types\/post"}],"author":[{"embeddable":true,"href":"https:\/\/antigo.emiliacorrea.com.br\/index.php?rest_route=\/wp\/v2\/users\/3"}],"replies":[{"embeddable":true,"href":"https:\/\/antigo.emiliacorrea.com.br\/index.php?rest_route=%2Fwp%2Fv2%2Fcomments&post=5819"}],"version-history":[{"count":1,"href":"https:\/\/antigo.emiliacorrea.com.br\/index.php?rest_route=\/wp\/v2\/posts\/5819\/revisions"}],"predecessor-version":[{"id":5821,"href":"https:\/\/antigo.emiliacorrea.com.br\/index.php?rest_route=\/wp\/v2\/posts\/5819\/revisions\/5821"}],"wp:featuredmedia":[{"embeddable":true,"href":"https:\/\/antigo.emiliacorrea.com.br\/index.php?rest_route=\/wp\/v2\/media\/5820"}],"wp:attachment":[{"href":"https:\/\/antigo.emiliacorrea.com.br\/index.php?rest_route=%2Fwp%2Fv2%2Fmedia&parent=5819"}],"wp:term":[{"taxonomy":"category","embeddable":true,"href":"https:\/\/antigo.emiliacorrea.com.br\/index.php?rest_route=%2Fwp%2Fv2%2Fcategories&post=5819"},{"taxonomy":"post_tag","embeddable":true,"href":"https:\/\/antigo.emiliacorrea.com.br\/index.php?rest_route=%2Fwp%2Fv2%2Ftags&post=5819"}],"curies":[{"name":"wp","href":"https:\/\/api.w.org\/{rel}","templated":true}]}}