{"id":5850,"date":"2024-03-18T10:09:17","date_gmt":"2024-03-18T13:09:17","guid":{"rendered":"https:\/\/emiliacorrea.com.br\/?p=5850"},"modified":"2024-03-18T10:09:17","modified_gmt":"2024-03-18T13:09:17","slug":"no-aniversario-de-aracaju-emilia-visita-mercado-e-acompanha-esquadrilha-da-fumaca","status":"publish","type":"post","link":"https:\/\/antigo.emiliacorrea.com.br\/?p=5850","title":{"rendered":"No anivers\u00e1rio de Aracaju, Em\u00edlia visita mercado e acompanha Esquadrilha da Fuma\u00e7a"},"content":{"rendered":"<p>&nbsp;<\/p>\n<p>Os 169 anos de Aracaju foram celebrados pela vereadora Em\u00edlia Corr\u00eaa fazendo jus \u00e0 regionalidade, visitando ambientes tradicionais da cidade, a exemplo do Mercado Municipal Vereador Milton Santos, situado no conjunto Augusto Franco. Logo cedo cumprindo agenda, a parlamentar aproveitou para tomar caf\u00e9 da manh\u00e3 em um dos bares mais famosos do local, popularmente conhecido como \u201cCaf\u00e9 do Z\u00e9 Buraqueiro\u201d.<\/p>\n<p>\u201cEm um dia t\u00e3o especial para nossa capital, nada melhor do que comemorar junto ao povo, batendo um papo e saboreando del\u00edcias da nossa terra. Isto que \u00e9 comemora\u00e7\u00e3o. Com a nossa gente e a nossa gastronomia\u201d, afirmou Em\u00edlia, que estava acompanhada da presidente do PL Mulher, Elaine Oliveira.<\/p>\n<p>A vereadora tamb\u00e9m se encontro com o deputado federal Nitinho Vitale, com os ex-vereadores Jailton Santana e Bertulino Menezes, al\u00e9m de lideran\u00e7as comunit\u00e1rias como Ricardo Silva.<\/p>\n<p>Orla dos Lagos&nbsp;<\/p>\n<p>A tarde ela esteve na Orla dos Lagos, na praia de Atalaia, para acompanhar a apresenta\u00e7\u00e3o do Esquadr\u00e3o de Demonstra\u00e7\u00e3o A\u00e9rea (EDA), conhecido como Esquadrilha da Fuma\u00e7a. \u201cEmocionante\u201d, foi desta forma que a vereadora Em\u00edlia Corr\u00eaa (PRD) definiu a exibi\u00e7\u00e3o do grupo.<\/p>\n<p>H\u00e1 seis anos sem se apresentar na capital, a esquadrilha conta com um Capit\u00e3o Aviador natural de Aracaju, Andr\u00e9 Nery Bezerra. \u201cArrepiante. A emo\u00e7\u00e3o vendo assim, de perto, \u00e9 indescrit\u00edvel. Principalmente, quando o sergipano era anunciado. Parab\u00e9ns a todos que se empenharam em trazer este lindo show em forma de presente para os aracajuanos(as)\u201d, descreveu.<\/p>\n<p>Acompanhada do esposo, Itamar Bezerra, que, por coincid\u00eancia, \u00e9 pai do \u00fanico componente sergipano da esquadrilha, Em\u00edlia enalteceu a habilidade dos pilotos. \u201cS\u00e3o anos de prepara\u00e7\u00e3o para chegar neste n\u00edvel de perfei\u00e7\u00e3o. Realmente, s\u00f3 vendo de perto para acreditar que existem pessoas l\u00e1 dentro capazes de fazer manobras com tanta maestria. Tendo um representante da fam\u00edlia, ent\u00e3o, a emo\u00e7\u00e3o \u00e9 em dobro. Se a gente fica assim, imagine ele em poder estar fazendo uma demonstra\u00e7\u00e3o com a Esquadrilha na cidade onde nasceu e cresceu em uma data com tanto simbolismo para n\u00f3s\u201d, pontuou.<\/p>\n<p>\ud83d\udcddTexto\/Foto: Ascom\/EC<\/p>\n","protected":false},"excerpt":{"rendered":"<p>&nbsp; Os 169 anos de Aracaju foram celebrados pela vereadora Em\u00edlia Corr\u00eaa fazendo jus \u00e0 regionalidade, visitando ambientes tradicionais da cidade, a exemplo do Mercado Municipal Vereador Milton Santos, situado no conjunto Augusto Franco. Logo cedo cumprindo agenda, a parlamentar aproveitou para tomar caf\u00e9 da manh\u00e3 em um dos bares mais famosos do local, popularmente [&hellip;]<\/p>\n","protected":false},"author":3,"featured_media":5851,"comment_status":"open","ping_status":"open","sticky":false,"template":"","format":"standard","meta":{"ngg_post_thumbnail":0,"footnotes":""},"categories":[1],"tags":[],"class_list":["post-5850","post","type-post","status-publish","format-standard","has-post-thumbnail","hentry","category-noticias"],"featured_image_src":{"landsacpe":["https:\/\/antigo.emiliacorrea.com.br\/wp-content\/uploads\/2024\/03\/5323412d-c3e0-4c0d-ba1b-9d456664d7a8-721x445.jpeg",721,445,true],"list":["https:\/\/antigo.emiliacorrea.com.br\/wp-content\/uploads\/2024\/03\/5323412d-c3e0-4c0d-ba1b-9d456664d7a8-463x348.jpeg",463,348,true],"medium":["https:\/\/antigo.emiliacorrea.com.br\/wp-content\/uploads\/2024\/03\/5323412d-c3e0-4c0d-ba1b-9d456664d7a8-169x300.jpeg",169,300,true],"full":["https:\/\/antigo.emiliacorrea.com.br\/wp-content\/uploads\/2024\/03\/5323412d-c3e0-4c0d-ba1b-9d456664d7a8.jpeg",721,1280,false]},"_links":{"self":[{"href":"https:\/\/antigo.emiliacorrea.com.br\/index.php?rest_route=\/wp\/v2\/posts\/5850"}],"collection":[{"href":"https:\/\/antigo.emiliacorrea.com.br\/index.php?rest_route=\/wp\/v2\/posts"}],"about":[{"href":"https:\/\/antigo.emiliacorrea.com.br\/index.php?rest_route=\/wp\/v2\/types\/post"}],"author":[{"embeddable":true,"href":"https:\/\/antigo.emiliacorrea.com.br\/index.php?rest_route=\/wp\/v2\/users\/3"}],"replies":[{"embeddable":true,"href":"https:\/\/antigo.emiliacorrea.com.br\/index.php?rest_route=%2Fwp%2Fv2%2Fcomments&post=5850"}],"version-history":[{"count":1,"href":"https:\/\/antigo.emiliacorrea.com.br\/index.php?rest_route=\/wp\/v2\/posts\/5850\/revisions"}],"predecessor-version":[{"id":5852,"href":"https:\/\/antigo.emiliacorrea.com.br\/index.php?rest_route=\/wp\/v2\/posts\/5850\/revisions\/5852"}],"wp:featuredmedia":[{"embeddable":true,"href":"https:\/\/antigo.emiliacorrea.com.br\/index.php?rest_route=\/wp\/v2\/media\/5851"}],"wp:attachment":[{"href":"https:\/\/antigo.emiliacorrea.com.br\/index.php?rest_route=%2Fwp%2Fv2%2Fmedia&parent=5850"}],"wp:term":[{"taxonomy":"category","embeddable":true,"href":"https:\/\/antigo.emiliacorrea.com.br\/index.php?rest_route=%2Fwp%2Fv2%2Fcategories&post=5850"},{"taxonomy":"post_tag","embeddable":true,"href":"https:\/\/antigo.emiliacorrea.com.br\/index.php?rest_route=%2Fwp%2Fv2%2Ftags&post=5850"}],"curies":[{"name":"wp","href":"https:\/\/api.w.org\/{rel}","templated":true}]}}